{"id":6898,"date":"2026-03-15T00:10:58","date_gmt":"2026-03-14T22:10:58","guid":{"rendered":"https:\/\/capital921.com\/?p=6898"},"modified":"2026-03-15T02:25:34","modified_gmt":"2026-03-15T00:25:34","slug":"kurti-i-nenshtrohet-presionit-nderkombetar-me-zbatim-te-ligjit-per-te-huajt","status":"publish","type":"post","link":"https:\/\/capital921.com\/?p=6898","title":{"rendered":"Kurti i n\u00ebnshtrohet presionit nd\u00ebrkomb\u00ebtar me zbatim t\u00eb Ligjit p\u00ebr t\u00eb huajt"},"content":{"rendered":"<p>Kryeministri Kurti ka vendosur q\u00eb t\u00eb legalizon strukturat ilegale serbe edhe p\u00ebr 12 muaj, me mund\u00ebsi vazhdimi ku student\u00ebt, dhe punonj\u00ebsit e institucioneve paralele do t\u00eb mund t\u00eb paisen me leje p\u00ebr t\u00eb vazhduar pun\u00ebn me institucionet paralele ilegale me kusht q\u00eb pas nj\u00eb kohe 3 mujore t\u00eb fillojn\u00eb procedurat e regjistrimit edhe legalizimit. Nuk \u00ebsht\u00eb kufizuar se kur ky proces i legalizimit duhet t\u00eb p\u00ebrfundoj.<\/p>\n<p>Njoftimin e l\u00ebshimit pe nga Qeveria Kurti \u00ebsht\u00eb b\u00ebr\u00eb e ditur n\u00eb nj\u00eb konferenc\u00eb t\u00eb p\u00ebrbashk\u00ebt p\u00ebr media me p\u00ebrfaq\u00ebsuesit e BE-s\u00eb, Peter Sorensen dhe ambasadori Orav.<\/p>\n<p>BE, dhe t\u00eb gjith\u00eb ambasador\u00ebt e huaj n\u00eb Kosov\u00eb i jan\u00eb g\u00ebzuar k\u00ebtij vendimi dhe ata e quan kompromis t\u00eb Qeveris\u00eb Kurti, duke e vler\u00ebsuar lart\u00eb bashk\u00ebpunimin e Qeveris\u00eb s\u00eb Kosov\u00ebs.<\/p>\n<p>Partit\u00eb opozitare e kan\u00eb kritikuar Kurtin p\u00ebr shkelje t\u00eb sovranitetit edhe moszbatim t\u00eb ligjeve n\u00eb Republik\u00ebn e Kosov\u00ebs duke i lejuar institucionet serbe t\u00eb vazhdojn\u00eb t\u00eb punojn\u00eb me dokumente paralele t\u00eb l\u00ebshuar nga Serbia.<\/p>\n<p>Kryeministri Kurti erdhi n\u00eb pushtet me 51% t\u00eb votave me slloganin &#8220;mos l\u00ebsho pe&#8221;, dhe duke premtuar se nuk do t\u00eb lejojn\u00eb funksionimin e strukturave ilegale, por me k\u00ebt\u00eb vendim e kthen Kosov\u00ebn n\u00eb ng\u00ebr\u00e7 politik, dhe zbatimin e ligjeve n\u00eb shtrirjen e sovranitetit n\u00eb veri.<\/p>\n<p>Kurti e arsyetoj vendimin se ky proces i prek edhe qytetaret nga Presheva, Medvegja, Bujanoci, Vranja dhe qytete tjera t\u00eb Serbis\u00eb, duke aluduar tek Shqiptar\u00ebt q\u00eb jetojn\u00eb atje por pa e cekur, t\u00eb cil\u00ebt ai i akuzon se nj\u00eb pjes\u00eb t\u00eb tyre punojn\u00eb n\u00eb strukturat ilegale t\u00eb Serbis\u00eb.<\/p>\n<p>&#8220;Nj\u00eb pjes\u00eb e tyre jan\u00eb t\u00eb angazhuar n\u00eb ofrimin e sh\u00ebrbimeve sh\u00ebndet\u00ebsore dhe edukative n\u00eb sistemin ilegal paralel t\u00eb financuar nga Serbia.&#8221;<\/p>\n<p>Kryeministri Kurti zbatimin e ligjit p\u00ebr t\u00eb huaj edhe ligjit p\u00ebr veturat e konsideron si penges\u00eb n\u00eb ofrimin e sh\u00ebrbimeve bazike p\u00ebr qytetar\u00ebt lokal serb n\u00eb veri.<\/p>\n<p>\u201cDua t\u00eb potencoj q\u00eb nuk \u00ebsht\u00eb interes i Republik\u00ebs s\u00eb Kosov\u00ebs q\u00eb zbatimi i ligjit p\u00ebr t\u00eb huajt dhe i atij p\u00ebr veturat t\u00eb prodhoj\u00eb pengesa n\u00eb ofrimin e sh\u00ebrbimeve bazike p\u00ebr qytetar\u00ebt. Por po ashtu dua t\u00eb theksoj fuqish\u00ebm, q\u00eb nj\u00ebsoj \u00ebsht\u00eb q\u00ebndrimi i Republik\u00ebs s\u00eb Kosov\u00ebs, q\u00eb n\u00eb Kosov\u00eb nuk duhet dhe nuk mund t\u00eb ket\u00eb mekanizma ilegal\u00eb t\u00eb cil\u00ebt mir\u00ebmbahen e financohen nga nj\u00eb shtet jomiq\u00ebsor e q\u00eb nuk e njeh Republik\u00ebn e Kosov\u00ebs\u201d, ka th\u00ebn\u00eb Kurti.<\/p>\n<p>Qytetar\u00ebt serb n\u00eb veri nuk kan\u00eb pengesa apo munges\u00eb t\u00eb sh\u00ebrbimeve bazike, por ata refuzojn\u00eb q\u00eb t\u00eb sh\u00ebrbehen n\u00eb institucionet legale t\u00eb Republik\u00ebs s\u00eb Kosov\u00ebs, dhe i duan institucionet bazike t\u00eb licencuara edhe t\u00eb financuara nga Republika e Serbis\u00eb.<\/p>\n<p>\u201cQeveria do t\u00eb pajiset nga krer\u00ebt lokal\u00eb me lista t\u00eb stafit sh\u00ebndet\u00ebsor dhe akademik q\u00eb jan\u00eb t\u00eb angazhuar n\u00eb ofrimin e k\u00ebtyre sh\u00ebrbimeve. Lista q\u00eb do sh\u00ebrbejn\u00eb si baz\u00eb p\u00ebr dh\u00ebnien e lejeve t\u00eb p\u00ebrkohshme t\u00eb q\u00ebndrimit p\u00ebr qytetar\u00ebt e huaj q\u00eb aplikojn\u00eb n\u00eb MPB. E nj\u00ebjta vlen edhe p\u00ebr student\u00ebt e huaj q\u00eb q\u00ebndrojn\u00eb n\u00eb Kosov\u00eb, p\u00ebr t\u00eb cil\u00ebt krer\u00ebt komunale do ofrojn\u00eb list\u00ebn e plot\u00eb\u201d, ka th\u00ebn\u00eb ai. \u201cQeveria e Republik\u00ebs s\u00eb Kosov\u00ebs po ashtu do t\u00eb hap nj\u00eb dritare t\u00eb re 3-mujore p\u00ebr t\u2019u mund\u00ebsuar qytetar\u00ebve t\u00eb nacionalitetit serb t\u00eb regjistrojn\u00eb faktet civile, t\u00eb cilat deri me dat\u00ebn 15 mars 2026 jan\u00eb regjistruar nga strukturat ilegale. N\u00eb k\u00ebt\u00eb periudh\u00eb, aplikant\u00ebve do t\u2019u lejohet edhe p\u00ebrdorimi, ekskluzivisht si mjet identifikimi i ID kart\u00ebs t\u00eb l\u00ebshuar nga strukturat jolegale\u201d.<\/p>\n<p>Kryeministri poashtu tha se zbatimi i ligjeve n\u00eb fjal\u00eb merr koh\u00eb dhe ky vendim i mund\u00ebson qytetar\u00ebve serb lokal t\u00eb besojn\u00eb n\u00eb p\u00ebrfitimet e k\u00ebtij procesi, dhe detyrimet q\u00eb rrjedhin nga Brukseli. Sipas Kryeministrit lejet l\u00ebshohen p\u00ebr 12 muaj me mund\u00ebsi vazhdimi, duke l\u00ebn\u00eb t\u00eb n\u00ebnkuptohet se leht\u00ebsirat e Qeveris\u00eb mund t\u00eb vazhdojn\u00eb ku p\u00ebrcaktimi i afateve b\u00ebhet n\u00eb koordinim t\u00eb plot\u00eb me BE, dhe n\u00eb bashk\u00ebpunim me ofruesit e sh\u00ebrbimeve publike nga strukturat ilegale.<\/p>\n<p>&#8220;Ministria e Pun\u00ebve t\u00eb Brendshme do ju ofroj\u00eb leje t\u00eb p\u00ebrkohshme t\u00eb q\u00ebndrimit me afat 12 mujor, me mund\u00ebsi vazhdimi n\u00eb rast t\u00eb vazhdimit t\u00eb studimeve. E nj\u00ebjta procedur\u00eb aplikohet edhe p\u00ebr aplikant\u00ebt e ri q\u00eb regjistrohen n\u00eb vitet e m\u00ebvonshme akademike. Paralelisht me k\u00ebt\u00eb, Ministria e Sh\u00ebndet\u00ebsis\u00eb dhe Ministria e Arsimit, Shkenc\u00ebs dhe Teknologjis\u00eb, n\u00eb koordinim t\u00eb vazhduesh\u00ebm me P\u00ebrfaq\u00ebsuesin Special t\u00eb Bashkimit Evropian dhe n\u00eb bashk\u00ebpunim me ofruesit e k\u00ebtyre sh\u00ebrbimeve publike fillojn\u00eb procedurat e domosdoshme dhe p\u00ebrcaktojn\u00eb afatet optimale p\u00ebr inkorporim t\u00eb plot\u00eb, p\u00ebrfshir\u00eb k\u00ebtu licensimin e institucioneve dhe t\u00eb stafit t\u00eb angazhuar.&#8221;<\/p>\n<p>Qeveria Kurti vite m\u00eb par\u00eb u p\u00ebrball me sanksione t\u00eb ashpra nga BE kur nd\u00ebrmori masa n\u00eb zbatimin e ligjeve t\u00eb Kosov\u00ebs n\u00eb veri duke e akuzuar Qeverin\u00eb p\u00ebr vendime t\u00eb nj\u00ebanshme. Tani, me nj\u00eb vendim BE i pati t\u00ebhequr sanskionet k\u00ebt\u00eb vit, por praktikisht ende nuk jan\u00eb t\u00ebrhequr meqense Kosova nuk ka Kuvend funksional p\u00ebr t\u00eb votuar marr\u00ebveshje si rezultat i vendimit p\u00ebr pezullim t\u00eb Kuvendit nga Gjykata Kushtetuese e Kosov\u00ebs.<\/p>\n","protected":false},"excerpt":{"rendered":"<p>Kryeministri Kurti ka vendosur q\u00eb t\u00eb legalizon strukturat ilegale serbe edhe p\u00ebr 12 muaj, me mund\u00ebsi vazhdimi ku student\u00ebt, dhe punonj\u00ebsit e institucioneve paralele do t\u00eb mund t\u00eb paisen me leje p\u00ebr t\u00eb vazhduar pun\u00ebn me institucionet paralele ilegale me kusht q\u00eb pas nj\u00eb kohe 3 mujore t\u00eb fillojn\u00eb procedurat e regjistrimit edhe legalizimit. Nuk [&hellip;]<\/p>\n","protected":false},"author":8,"featured_media":6899,"comment_status":"open","ping_status":"closed","sticky":false,"template":"","format":"standard","meta":{"om_disable_all_campaigns":false,"_monsterinsights_skip_tracking":false,"_monsterinsights_sitenote_active":false,"_monsterinsights_sitenote_note":"","_monsterinsights_sitenote_category":0,"footnotes":""},"categories":[721],"tags":[],"class_list":["post-6898","post","type-post","status-publish","format-standard","has-post-thumbnail","hentry","category-kosove"],"aioseo_notices":[],"_links":{"self":[{"href":"https:\/\/capital921.com\/index.php?rest_route=\/wp\/v2\/posts\/6898","targetHints":{"allow":["GET"]}}],"collection":[{"href":"https:\/\/capital921.com\/index.php?rest_route=\/wp\/v2\/posts"}],"about":[{"href":"https:\/\/capital921.com\/index.php?rest_route=\/wp\/v2\/types\/post"}],"author":[{"embeddable":true,"href":"https:\/\/capital921.com\/index.php?rest_route=\/wp\/v2\/users\/8"}],"replies":[{"embeddable":true,"href":"https:\/\/capital921.com\/index.php?rest_route=%2Fwp%2Fv2%2Fcomments&post=6898"}],"version-history":[{"count":12,"href":"https:\/\/capital921.com\/index.php?rest_route=\/wp\/v2\/posts\/6898\/revisions"}],"predecessor-version":[{"id":6911,"href":"https:\/\/capital921.com\/index.php?rest_route=\/wp\/v2\/posts\/6898\/revisions\/6911"}],"wp:featuredmedia":[{"embeddable":true,"href":"https:\/\/capital921.com\/index.php?rest_route=\/wp\/v2\/media\/6899"}],"wp:attachment":[{"href":"https:\/\/capital921.com\/index.php?rest_route=%2Fwp%2Fv2%2Fmedia&parent=6898"}],"wp:term":[{"taxonomy":"category","embeddable":true,"href":"https:\/\/capital921.com\/index.php?rest_route=%2Fwp%2Fv2%2Fcategories&post=6898"},{"taxonomy":"post_tag","embeddable":true,"href":"https:\/\/capital921.com\/index.php?rest_route=%2Fwp%2Fv2%2Ftags&post=6898"}],"curies":[{"name":"wp","href":"https:\/\/api.w.org\/{rel}","templated":true}]}}