{"id":6793,"date":"2025-10-19T09:03:11","date_gmt":"2025-10-19T07:03:11","guid":{"rendered":"https:\/\/capital921.com\/?p=6793"},"modified":"2025-10-19T09:48:23","modified_gmt":"2025-10-19T07:48:23","slug":"kqz-ia-huq-emrin-kandidatit-per-kryetar-komune-ne-prishtine-hajrulla-ceku","status":"publish","type":"post","link":"https:\/\/capital921.com\/?p=6793","title":{"rendered":"KQZ ia huq emrin kandidatit p\u00ebr Kryetar Komune n\u00eb Prishtin\u00eb Hajrulla \u00c7eku"},"content":{"rendered":"<p>Komisioni Qendror i Zgjedhjeve n\u00eb rezultatin p\u00ebr Kryetar Komune n\u00eb Prishtin\u00eb ia huq emrin kandidatit nga radh\u00ebt e LVV, Hajrulla \u00c7eku.<\/p>\n<p>N\u00eb r\u00ebnditje emri i tij\u00eb shkruhet si Hajrulla \u00c7eko, nga edhe r\u00ebnditet i dyti pas P\u00ebrparim Rama nga LDK me 33.05%.<br \/>\n<img decoding=\"async\" src=\"https:\/\/capital921.com\/wp-content\/uploads\/2025\/10\/KQZ-HajrullaCeko-202510191359GMT7-300x139.jpg\" alt=\"\" width=\"300\" height=\"139\" class=\"alignnone size-medium wp-image-6795\" srcset=\"https:\/\/capital921.com\/wp-content\/uploads\/2025\/10\/KQZ-HajrullaCeko-202510191359GMT7-300x139.jpg 300w, https:\/\/capital921.com\/wp-content\/uploads\/2025\/10\/KQZ-HajrullaCeko-202510191359GMT7-1024x475.jpg 1024w, https:\/\/capital921.com\/wp-content\/uploads\/2025\/10\/KQZ-HajrullaCeko-202510191359GMT7-768x356.jpg 768w, https:\/\/capital921.com\/wp-content\/uploads\/2025\/10\/KQZ-HajrullaCeko-202510191359GMT7.jpg 1412w\" sizes=\"(max-width: 300px) 100vw, 300px\" \/><br \/>\nNuk dihet n\u00ebse ky ka qen\u00eb gabim apo nd\u00ebrhyrje e paautorizuar n\u00eb sistemin e publikimit t\u00eb rezultateve zgjedhore komunale 2025, marr parasysh se fjala &#8220;\u00c7eko&#8221; \u00ebsht\u00eb e af\u00ebrt me fjal\u00ebn serbe prit. Redaksia jon\u00eb ka kontaktuar me KQZ edhe LVV lidhur me k\u00ebt\u00eb anamoli, dhe n\u00eb pranim t\u00eb p\u00ebrgjigjes do t&#8217;ju njoftojm\u00eb n\u00eb koh\u00eb.<\/p>\n","protected":false},"excerpt":{"rendered":"<p>Komisioni Qendror i Zgjedhjeve n\u00eb rezultatin p\u00ebr Kryetar Komune n\u00eb Prishtin\u00eb ia huq emrin kandidatit nga radh\u00ebt e LVV, Hajrulla \u00c7eku. N\u00eb r\u00ebnditje emri i tij\u00eb shkruhet si Hajrulla \u00c7eko, nga edhe r\u00ebnditet i dyti pas P\u00ebrparim Rama nga LDK me 33.05%. Nuk dihet n\u00ebse ky ka qen\u00eb gabim apo nd\u00ebrhyrje e paautorizuar n\u00eb sistemin [&hellip;]<\/p>\n","protected":false},"author":8,"featured_media":6794,"comment_status":"open","ping_status":"closed","sticky":false,"template":"","format":"standard","meta":{"om_disable_all_campaigns":false,"_monsterinsights_skip_tracking":false,"_monsterinsights_sitenote_active":false,"_monsterinsights_sitenote_note":"","_monsterinsights_sitenote_category":0,"footnotes":""},"categories":[744],"tags":[],"class_list":["post-6793","post","type-post","status-publish","format-standard","has-post-thumbnail","hentry","category-kosove-2"],"aioseo_notices":[],"_links":{"self":[{"href":"https:\/\/capital921.com\/index.php?rest_route=\/wp\/v2\/posts\/6793","targetHints":{"allow":["GET"]}}],"collection":[{"href":"https:\/\/capital921.com\/index.php?rest_route=\/wp\/v2\/posts"}],"about":[{"href":"https:\/\/capital921.com\/index.php?rest_route=\/wp\/v2\/types\/post"}],"author":[{"embeddable":true,"href":"https:\/\/capital921.com\/index.php?rest_route=\/wp\/v2\/users\/8"}],"replies":[{"embeddable":true,"href":"https:\/\/capital921.com\/index.php?rest_route=%2Fwp%2Fv2%2Fcomments&post=6793"}],"version-history":[{"count":6,"href":"https:\/\/capital921.com\/index.php?rest_route=\/wp\/v2\/posts\/6793\/revisions"}],"predecessor-version":[{"id":6801,"href":"https:\/\/capital921.com\/index.php?rest_route=\/wp\/v2\/posts\/6793\/revisions\/6801"}],"wp:featuredmedia":[{"embeddable":true,"href":"https:\/\/capital921.com\/index.php?rest_route=\/wp\/v2\/media\/6794"}],"wp:attachment":[{"href":"https:\/\/capital921.com\/index.php?rest_route=%2Fwp%2Fv2%2Fmedia&parent=6793"}],"wp:term":[{"taxonomy":"category","embeddable":true,"href":"https:\/\/capital921.com\/index.php?rest_route=%2Fwp%2Fv2%2Fcategories&post=6793"},{"taxonomy":"post_tag","embeddable":true,"href":"https:\/\/capital921.com\/index.php?rest_route=%2Fwp%2Fv2%2Ftags&post=6793"}],"curies":[{"name":"wp","href":"https:\/\/api.w.org\/{rel}","templated":true}]}}