{"id":6275,"date":"2023-09-25T17:48:04","date_gmt":"2023-09-25T15:48:04","guid":{"rendered":"https:\/\/capital921.com\/?p=6275"},"modified":"2023-09-25T17:48:04","modified_gmt":"2023-09-25T15:48:04","slug":"osmani-ndan-urdhrin-hero-i-kosoves-per-policin-afrim-bunjaku","status":"publish","type":"post","link":"https:\/\/capital921.com\/?p=6275","title":{"rendered":"Osmani ndan urdhrin \u201cHero i Kosov\u00ebs\u201d p\u00ebr policin Afrim Bunjaku"},"content":{"rendered":"<p><strong>Presidentja e Kosov\u00ebs, Vjosa Osmani, i ka ndar\u00eb urdhrin m\u00eb t\u00eb lart\u00eb t\u00eb Republik\u00ebs\u00a0 \u201cHeroi i Kosov\u00ebs\u201d, policit Afrim Bunjaku.\u00a0<\/strong><\/p>\n<p>Osmani, n\u00eb fjalimin e saj ka th\u00ebn\u00eb se Kosova ka edhe nj\u00eb hero i cili ra n\u00eb mbrojtje t\u00eb rendit, ligjit, integritetit territorial dhe sovranitetit t\u00eb Kosov\u00eb<\/p>\n<p><em>&#8220;Jemi mbledhur n\u00eb k\u00ebt\u00eb ceremoni p\u00ebr t\u2019ia dh\u00ebn\u00eb lamtumir\u00ebn e fundit policit ton\u00eb rreshterit ton\u00eb Afrim Bunjaku, i cili deri dje ishte gardian i siguris\u00eb son\u00eb, nd\u00ebrkaq prej sot \u00ebsht\u00eb hero i Kosov\u00ebs. Ai ra n\u00eb mbrojtje t\u00eb rendit, ligjit, integritetit territorial dhe sovranitetit t\u00eb Kosov\u00eb<\/em>&#8220;, deklaroi presidentja.<\/p>\n<p>Kujtojm\u00eb se t\u00eb diel\u00ebn e 25 shtatorit, rreth or\u00ebs 3 t\u00eb m\u00ebngjesit, u vra pjes\u00ebtar i Policis\u00eb s\u00eb Kosov\u00ebs, Afrim Bunjaku, nj\u00eb u plagos dhe nj\u00eb tjet\u00ebr u l\u00ebndua, pas nj\u00eb sulmi terrorist nga nj\u00eb grup i personave t\u00eb maskuar dhe armatosur n\u00eb Banjsk\u00eb t\u00eb Zve\u00e7anit, p\u00ebrcjell,\/<em><strong>CFM<\/strong><\/em>\/.<\/p>\n<p>&nbsp;<\/p>\n","protected":false},"excerpt":{"rendered":"<p>Presidentja e Kosov\u00ebs, Vjosa Osmani, i ka ndar\u00eb urdhrin m\u00eb t\u00eb lart\u00eb t\u00eb Republik\u00ebs\u00a0 \u201cHeroi i Kosov\u00ebs\u201d, policit Afrim Bunjaku.\u00a0 Osmani, n\u00eb fjalimin e saj ka th\u00ebn\u00eb se Kosova ka edhe nj\u00eb hero i cili ra n\u00eb mbrojtje t\u00eb rendit, ligjit, integritetit territorial dhe sovranitetit t\u00eb Kosov\u00eb &#8220;Jemi mbledhur n\u00eb k\u00ebt\u00eb ceremoni p\u00ebr t\u2019ia dh\u00ebn\u00eb [&hellip;]<\/p>\n","protected":false},"author":2,"featured_media":6276,"comment_status":"open","ping_status":"closed","sticky":false,"template":"","format":"standard","meta":{"om_disable_all_campaigns":false,"_monsterinsights_skip_tracking":false,"_monsterinsights_sitenote_active":false,"_monsterinsights_sitenote_note":"","_monsterinsights_sitenote_category":0,"footnotes":""},"categories":[123],"tags":[710,234,104],"class_list":["post-6275","post","type-post","status-publish","format-standard","has-post-thumbnail","hentry","category-lajme","tag-afrim-bunjaku","tag-veriu-i-kosoves","tag-vjosa-osmani"],"aioseo_notices":[],"_links":{"self":[{"href":"https:\/\/capital921.com\/index.php?rest_route=\/wp\/v2\/posts\/6275","targetHints":{"allow":["GET"]}}],"collection":[{"href":"https:\/\/capital921.com\/index.php?rest_route=\/wp\/v2\/posts"}],"about":[{"href":"https:\/\/capital921.com\/index.php?rest_route=\/wp\/v2\/types\/post"}],"author":[{"embeddable":true,"href":"https:\/\/capital921.com\/index.php?rest_route=\/wp\/v2\/users\/2"}],"replies":[{"embeddable":true,"href":"https:\/\/capital921.com\/index.php?rest_route=%2Fwp%2Fv2%2Fcomments&post=6275"}],"version-history":[{"count":1,"href":"https:\/\/capital921.com\/index.php?rest_route=\/wp\/v2\/posts\/6275\/revisions"}],"predecessor-version":[{"id":6277,"href":"https:\/\/capital921.com\/index.php?rest_route=\/wp\/v2\/posts\/6275\/revisions\/6277"}],"wp:featuredmedia":[{"embeddable":true,"href":"https:\/\/capital921.com\/index.php?rest_route=\/wp\/v2\/media\/6276"}],"wp:attachment":[{"href":"https:\/\/capital921.com\/index.php?rest_route=%2Fwp%2Fv2%2Fmedia&parent=6275"}],"wp:term":[{"taxonomy":"category","embeddable":true,"href":"https:\/\/capital921.com\/index.php?rest_route=%2Fwp%2Fv2%2Fcategories&post=6275"},{"taxonomy":"post_tag","embeddable":true,"href":"https:\/\/capital921.com\/index.php?rest_route=%2Fwp%2Fv2%2Ftags&post=6275"}],"curies":[{"name":"wp","href":"https:\/\/api.w.org\/{rel}","templated":true}]}}