{"id":6263,"date":"2023-09-25T12:24:10","date_gmt":"2023-09-25T10:24:10","guid":{"rendered":"https:\/\/capital921.com\/?p=6263"},"modified":"2023-09-25T12:24:10","modified_gmt":"2023-09-25T10:24:10","slug":"sot-dite-zie-ne-kosove-ne-nderim-te-policit-afrim-bunjaku","status":"publish","type":"post","link":"https:\/\/capital921.com\/?p=6263","title":{"rendered":"Sot dit\u00eb zie n\u00eb Kosov\u00eb n\u00eb nderim t\u00eb policit Afrim Bunjaku"},"content":{"rendered":"<p><span class=\"x4k7w5x x1h91t0o x1h9r5lt x1jfb8zj xv2umb2 x1beo9mf xaigb6o x12ejxvf x3igimt xarpa2k xedcshv x1lytzrv x1t2pt76 x7ja8zs x1qrby5j\">N\u00eb nderim t\u00eb policit Afrim Bunjaku, q\u00eb u vra n\u00eb or\u00ebt e para t\u00eb m\u00ebngjesit t\u00eb s\u00eb diel\u00ebs n\u00eb veri, presidentja Vjosa Osmani e ka shpallur t\u00eb h\u00ebn\u00ebn dit\u00eb zie shtet\u00ebrore. <\/span><\/p>\n<p><span class=\"x4k7w5x x1h91t0o x1h9r5lt x1jfb8zj xv2umb2 x1beo9mf xaigb6o x12ejxvf x3igimt xarpa2k xedcshv x1lytzrv x1t2pt76 x7ja8zs x1qrby5j\">&#8220;<em>Presidentja e Republik\u00ebs s\u00eb Kosov\u00ebs, Vjosa Osmani, n\u00eb mb\u00ebshtetje t\u00eb Kushtetut\u00ebs s\u00eb Kosov\u00ebs, ka marr\u00eb vendim q\u00eb dita e h\u00ebn\u00eb, 25 shtator 2023, t\u00eb shpallet dit\u00eb zie, shtet\u00ebrore n\u00eb nderim t\u00eb policit Afrim Bunjaku, i vrar\u00eb n\u00eb veri t\u00eb vendit. Zija shtet\u00ebrore do t\u00eb jet\u00eb gjat\u00eb dit\u00ebs s\u00eb h\u00ebn\u00eb, nd\u00ebrkaq Protokolli i Shtetit ngarkohet q\u00eb t`i nd\u00ebrmarr\u00eb t\u00eb gjitha veprimet e nevojshme p\u00ebr zbatimin e k\u00ebtij vendimi&#8221;<\/em>, thuhet n\u00eb njoftimin nga Presidenca.\/<em>CFM<\/em>\/ <\/span><\/p>\n","protected":false},"excerpt":{"rendered":"<p>N\u00eb nderim t\u00eb policit Afrim Bunjaku, q\u00eb u vra n\u00eb or\u00ebt e para t\u00eb m\u00ebngjesit t\u00eb s\u00eb diel\u00ebs n\u00eb veri, presidentja Vjosa Osmani e ka shpallur t\u00eb h\u00ebn\u00ebn dit\u00eb zie shtet\u00ebrore. &#8220;Presidentja e Republik\u00ebs s\u00eb Kosov\u00ebs, Vjosa Osmani, n\u00eb mb\u00ebshtetje t\u00eb Kushtetut\u00ebs s\u00eb Kosov\u00ebs, ka marr\u00eb vendim q\u00eb dita e h\u00ebn\u00eb, 25 shtator 2023, t\u00eb [&hellip;]<\/p>\n","protected":false},"author":2,"featured_media":6264,"comment_status":"open","ping_status":"closed","sticky":false,"template":"","format":"standard","meta":{"om_disable_all_campaigns":false,"_monsterinsights_skip_tracking":false,"_monsterinsights_sitenote_active":false,"_monsterinsights_sitenote_note":"","_monsterinsights_sitenote_category":0,"footnotes":""},"categories":[123],"tags":[710,711,709,104],"class_list":["post-6263","post","type-post","status-publish","format-standard","has-post-thumbnail","hentry","category-lajme","tag-afrim-bunjaku","tag-dite-zie-ne-kosove","tag-presidenca","tag-vjosa-osmani"],"aioseo_notices":[],"_links":{"self":[{"href":"https:\/\/capital921.com\/index.php?rest_route=\/wp\/v2\/posts\/6263","targetHints":{"allow":["GET"]}}],"collection":[{"href":"https:\/\/capital921.com\/index.php?rest_route=\/wp\/v2\/posts"}],"about":[{"href":"https:\/\/capital921.com\/index.php?rest_route=\/wp\/v2\/types\/post"}],"author":[{"embeddable":true,"href":"https:\/\/capital921.com\/index.php?rest_route=\/wp\/v2\/users\/2"}],"replies":[{"embeddable":true,"href":"https:\/\/capital921.com\/index.php?rest_route=%2Fwp%2Fv2%2Fcomments&post=6263"}],"version-history":[{"count":1,"href":"https:\/\/capital921.com\/index.php?rest_route=\/wp\/v2\/posts\/6263\/revisions"}],"predecessor-version":[{"id":6265,"href":"https:\/\/capital921.com\/index.php?rest_route=\/wp\/v2\/posts\/6263\/revisions\/6265"}],"wp:featuredmedia":[{"embeddable":true,"href":"https:\/\/capital921.com\/index.php?rest_route=\/wp\/v2\/media\/6264"}],"wp:attachment":[{"href":"https:\/\/capital921.com\/index.php?rest_route=%2Fwp%2Fv2%2Fmedia&parent=6263"}],"wp:term":[{"taxonomy":"category","embeddable":true,"href":"https:\/\/capital921.com\/index.php?rest_route=%2Fwp%2Fv2%2Fcategories&post=6263"},{"taxonomy":"post_tag","embeddable":true,"href":"https:\/\/capital921.com\/index.php?rest_route=%2Fwp%2Fv2%2Ftags&post=6263"}],"curies":[{"name":"wp","href":"https:\/\/api.w.org\/{rel}","templated":true}]}}