{"id":6233,"date":"2023-09-20T17:26:21","date_gmt":"2023-09-20T15:26:21","guid":{"rendered":"https:\/\/capital921.com\/?p=6233"},"modified":"2023-09-20T17:35:12","modified_gmt":"2023-09-20T15:35:12","slug":"vritet-nje-person-ne-fshatin-banje-te-malisheves","status":"publish","type":"post","link":"https:\/\/capital921.com\/?p=6233","title":{"rendered":"Vritet nj\u00eb person me arm\u00eb zjarri n\u00eb Banj\u00eb t\u00eb Malishev\u00ebs"},"content":{"rendered":"<p><strong>P\u00ebr motive ende t\u00eb panjohura nj\u00eb person \u00ebsht\u00eb vrar\u00eb me arm\u00eb zjarri n\u00eb <\/strong><strong>m\u00ebngjesin e sot\u00ebm (e m\u00ebrkur\u00eb) , n\u00eb fshatin Banj\u00eb t\u00eb Malishev\u00ebs. <\/strong><\/p>\n<p>Lajmin e ka konfirmuar p\u00ebr medie z\u00ebdh\u00ebn\u00ebsi i Policis\u00eb s\u00eb Kosov\u00ebs p\u00ebr Rajonin e Gjakov\u00ebs, Sheremet Elezaj, i cili tha se i dyshuari p\u00ebr vrasjen \u00ebsht\u00eb dor\u00ebzuar n\u00eb stacionin policor.<\/p>\n<p><em>&#8220;Rreth or\u00ebs 07:15 \u00ebsht\u00eb raportuar se n\u00eb fshatin Banj\u00eb-Malishev\u00eb, viktima mashkull i mosh\u00ebs madhore \u00ebsht\u00eb gjetur pa shenja jet\u00eb, dyshohet t\u00eb jet\u00eb q\u00eblluar me arm\u00eb zjarri. Ekipi mjek\u00ebsor i cili ka dal\u00eb n\u00eb vendin e ngjarjes ka konstatuar vdekjen e tij. Nj\u00eb person, po ashtu mashkull i mosh\u00ebs madhore, \u00ebsht\u00eb dor\u00ebzuar n\u00eb Stacionin Policor n\u00eb Malishev\u00eb dhe nga hetimet e para dyshohet se i nj\u00ebjti,e t\u00eb panjohura, ka q\u00eblluar viktim\u00ebn me arm\u00eb zjarri. Nj\u00ebsitet e ne<\/em><em> p\u00ebr motive end<\/em><em>vojshme policore dhe prokurori i shtetit kan\u00eb dal\u00eb n\u00eb vendin e ngjarjes dhe jan\u00eb duke u nd\u00ebrmarr veprimet e nevojshme hetimor<\/em>e&#8221;, ka th\u00ebn\u00eb Elezaj, p\u00ebrcjell<em> \/CFM\/<\/em>.<\/p>\n","protected":false},"excerpt":{"rendered":"<p>P\u00ebr motive ende t\u00eb panjohura nj\u00eb person \u00ebsht\u00eb vrar\u00eb me arm\u00eb zjarri n\u00eb m\u00ebngjesin e sot\u00ebm (e m\u00ebrkur\u00eb) , n\u00eb fshatin Banj\u00eb t\u00eb Malishev\u00ebs. Lajmin e ka konfirmuar p\u00ebr medie z\u00ebdh\u00ebn\u00ebsi i Policis\u00eb s\u00eb Kosov\u00ebs p\u00ebr Rajonin e Gjakov\u00ebs, Sheremet Elezaj, i cili tha se i dyshuari p\u00ebr vrasjen \u00ebsht\u00eb dor\u00ebzuar n\u00eb stacionin policor. &#8220;Rreth [&hellip;]<\/p>\n","protected":false},"author":2,"featured_media":6234,"comment_status":"open","ping_status":"closed","sticky":false,"template":"","format":"standard","meta":{"om_disable_all_campaigns":false,"_monsterinsights_skip_tracking":false,"_monsterinsights_sitenote_active":false,"_monsterinsights_sitenote_note":"","_monsterinsights_sitenote_category":0,"footnotes":""},"categories":[171],"tags":[696,697,695],"class_list":["post-6233","post","type-post","status-publish","format-standard","has-post-thumbnail","hentry","category-kronike-e-zeze","tag-banje-malisheve","tag-prokuroria-themelore-ne-gjakove","tag-vrasje"],"aioseo_notices":[],"_links":{"self":[{"href":"https:\/\/capital921.com\/index.php?rest_route=\/wp\/v2\/posts\/6233","targetHints":{"allow":["GET"]}}],"collection":[{"href":"https:\/\/capital921.com\/index.php?rest_route=\/wp\/v2\/posts"}],"about":[{"href":"https:\/\/capital921.com\/index.php?rest_route=\/wp\/v2\/types\/post"}],"author":[{"embeddable":true,"href":"https:\/\/capital921.com\/index.php?rest_route=\/wp\/v2\/users\/2"}],"replies":[{"embeddable":true,"href":"https:\/\/capital921.com\/index.php?rest_route=%2Fwp%2Fv2%2Fcomments&post=6233"}],"version-history":[{"count":6,"href":"https:\/\/capital921.com\/index.php?rest_route=\/wp\/v2\/posts\/6233\/revisions"}],"predecessor-version":[{"id":6241,"href":"https:\/\/capital921.com\/index.php?rest_route=\/wp\/v2\/posts\/6233\/revisions\/6241"}],"wp:featuredmedia":[{"embeddable":true,"href":"https:\/\/capital921.com\/index.php?rest_route=\/wp\/v2\/media\/6234"}],"wp:attachment":[{"href":"https:\/\/capital921.com\/index.php?rest_route=%2Fwp%2Fv2%2Fmedia&parent=6233"}],"wp:term":[{"taxonomy":"category","embeddable":true,"href":"https:\/\/capital921.com\/index.php?rest_route=%2Fwp%2Fv2%2Fcategories&post=6233"},{"taxonomy":"post_tag","embeddable":true,"href":"https:\/\/capital921.com\/index.php?rest_route=%2Fwp%2Fv2%2Ftags&post=6233"}],"curies":[{"name":"wp","href":"https:\/\/api.w.org\/{rel}","templated":true}]}}