{"id":6109,"date":"2023-08-31T14:44:15","date_gmt":"2023-08-31T12:44:15","guid":{"rendered":"https:\/\/capital921.com\/?p=6109"},"modified":"2023-08-31T14:44:15","modified_gmt":"2023-08-31T12:44:15","slug":"me-fustan-kuq-e-zi-rita-ora-shfaqet-ne-festivalin-e-filmit-ne-venecia","status":"publish","type":"post","link":"https:\/\/capital921.com\/?p=6109","title":{"rendered":"Me fustan kuq e zi Rita Ora shfaqet n\u00eb Festivalin e  Filmit n\u00eb Venecia"},"content":{"rendered":"<p><strong>K\u00ebng\u00ebtarja shqiptare, Rita Ora, b\u00ebri nj\u00eb hyrje madh\u00ebshtore n\u00eb Festivalin e Filmit n\u00eb Venecia.<\/strong><\/p>\n<p>Ajo u dallua e veshur me nj\u00eb fustan t\u00eb kuq prej sateni Moschino dhe dukej e\u00a0 mahnitshme.<\/p>\n<p>Festivali i 80-t\u00eb Nd\u00ebrkomb\u00ebtar i Filmit n\u00eb Venecia organizohet nga La Biennale di Venezia dhe drejtohet nga Alberto Barbera.\/CFM\/<\/p>\n<p>&nbsp;<\/p>\n","protected":false},"excerpt":{"rendered":"<p>K\u00ebng\u00ebtarja shqiptare, Rita Ora, b\u00ebri nj\u00eb hyrje madh\u00ebshtore n\u00eb Festivalin e Filmit n\u00eb Venecia. Ajo u dallua e veshur me nj\u00eb fustan t\u00eb kuq prej sateni Moschino dhe dukej e\u00a0 mahnitshme. Festivali i 80-t\u00eb Nd\u00ebrkomb\u00ebtar i Filmit n\u00eb Venecia organizohet nga La Biennale di Venezia dhe drejtohet nga Alberto Barbera.\/CFM\/ &nbsp;<\/p>\n","protected":false},"author":3,"featured_media":6111,"comment_status":"open","ping_status":"closed","sticky":false,"template":"","format":"standard","meta":{"om_disable_all_campaigns":false,"_monsterinsights_skip_tracking":false,"_monsterinsights_sitenote_active":false,"_monsterinsights_sitenote_note":"","_monsterinsights_sitenote_category":0,"footnotes":""},"categories":[128],"tags":[],"class_list":["post-6109","post","type-post","status-publish","format-standard","has-post-thumbnail","hentry","category-muzike"],"aioseo_notices":[],"_links":{"self":[{"href":"https:\/\/capital921.com\/index.php?rest_route=\/wp\/v2\/posts\/6109","targetHints":{"allow":["GET"]}}],"collection":[{"href":"https:\/\/capital921.com\/index.php?rest_route=\/wp\/v2\/posts"}],"about":[{"href":"https:\/\/capital921.com\/index.php?rest_route=\/wp\/v2\/types\/post"}],"author":[{"embeddable":true,"href":"https:\/\/capital921.com\/index.php?rest_route=\/wp\/v2\/users\/3"}],"replies":[{"embeddable":true,"href":"https:\/\/capital921.com\/index.php?rest_route=%2Fwp%2Fv2%2Fcomments&post=6109"}],"version-history":[{"count":1,"href":"https:\/\/capital921.com\/index.php?rest_route=\/wp\/v2\/posts\/6109\/revisions"}],"predecessor-version":[{"id":6112,"href":"https:\/\/capital921.com\/index.php?rest_route=\/wp\/v2\/posts\/6109\/revisions\/6112"}],"wp:featuredmedia":[{"embeddable":true,"href":"https:\/\/capital921.com\/index.php?rest_route=\/wp\/v2\/media\/6111"}],"wp:attachment":[{"href":"https:\/\/capital921.com\/index.php?rest_route=%2Fwp%2Fv2%2Fmedia&parent=6109"}],"wp:term":[{"taxonomy":"category","embeddable":true,"href":"https:\/\/capital921.com\/index.php?rest_route=%2Fwp%2Fv2%2Fcategories&post=6109"},{"taxonomy":"post_tag","embeddable":true,"href":"https:\/\/capital921.com\/index.php?rest_route=%2Fwp%2Fv2%2Ftags&post=6109"}],"curies":[{"name":"wp","href":"https:\/\/api.w.org\/{rel}","templated":true}]}}