{"id":6023,"date":"2023-08-24T21:00:11","date_gmt":"2023-08-24T19:00:11","guid":{"rendered":"https:\/\/capital921.com\/?p=6023"},"modified":"2023-08-24T21:00:11","modified_gmt":"2023-08-24T19:00:11","slug":"mbi-27-milione-euro-deme-per-komunat-nga-falja-e-100-eurove-te-tatimit-ne-prone","status":"publish","type":"post","link":"https:\/\/capital921.com\/?p=6023","title":{"rendered":"Mbi 27 milion\u00eb euro d\u00ebme p\u00ebr komunat nga falja e 100 eurove t\u00eb tatimit n\u00eb pron\u00eb"},"content":{"rendered":"<p><strong>Mbi 27 milion\u00eb euro llogaritet t\u00eb jet\u00eb d\u00ebmi q\u00eb u shkaktohet komunave nga zbatimi i Ligjin p\u00ebr Tatimin n\u00eb pron\u00ebn e paluajtshme.<\/strong><\/p>\n<p>N\u00eb baz\u00eb t\u00eb p\u00ebrllogaritjes s\u00eb Asociacionit t\u00eb Komunave t\u00eb Kosov\u00ebs, m\u00eb e d\u00ebmtuara \u00ebsht\u00eb Komuna e Prishtin\u00ebs me mbi 6 milion\u00eb e 800 mij\u00eb euro, e pasuar nga Komuna e Prizrenit me 3 milion\u00eb euro, pastaj jan\u00eb Peja e Gjakova me 2 milion\u00eb e 400 mij\u00eb euro, Gjilani me 2 milion\u00eb e 150 mij\u00eb euro, nd\u00ebrsa Ferizaj e Mitrovica me nga 2 milion\u00eb euro.<\/p>\n<p>N\u00eb k\u00ebt\u00eb p\u00ebrllogaritje nuk jan\u00eb p\u00ebrfshir\u00eb t\u00eb gjitha komunat e Kosov\u00ebs (mungojn\u00eb n\u00ebnt\u00eb komuna).<\/p>\n<p><img fetchpriority=\"high\" decoding=\"async\" class=\"alignnone size-medium wp-image-6024\" src=\"https:\/\/capital921.com\/wp-content\/uploads\/2023\/08\/368235759_284461567551412_5210641037198286250_n-186x300.jpg\" alt=\"\" width=\"186\" height=\"300\" srcset=\"https:\/\/capital921.com\/wp-content\/uploads\/2023\/08\/368235759_284461567551412_5210641037198286250_n-186x300.jpg 186w, https:\/\/capital921.com\/wp-content\/uploads\/2023\/08\/368235759_284461567551412_5210641037198286250_n.jpg 364w\" sizes=\"(max-width: 186px) 100vw, 186px\" \/><\/p>\n<p>Komunat e kan\u00eb marr\u00eb\u00a0urdh\u00ebres\u00ebn nga Ministria e Financave dhe afati i fundit p\u00ebr zbatimin e saj \u00ebsht\u00eb data 15 shtator.<\/p>\n<p>Kuvendi m\u00eb 27 korrik ka miratuar ndryshimin e Ligjit t\u00eb ri p\u00ebr tatimin n\u00eb pron\u00ebn e paluajtshme, i cili parasheh mund\u00ebsin\u00eb p\u00ebr t\u00eb p\u00ebrfituar nga zbritja e faturave t\u00eb vitit 2023 deri n\u00eb 100 euro, lirime tatimore p\u00ebr banimin primar dhe tok\u00ebn bujq\u00ebsore, kufizim t\u00eb p\u00ebrllogaritjes s\u00eb interesit q\u00eb t\u00eb mos tejkaloj\u00eb vler\u00ebn e detyrimit tatimor, zbritje t\u00eb shkall\u00ebs s\u00eb poshtme tatimore p\u00ebr vitin 2024 dhe fillimin e aplikimit t\u00eb tatimit progresiv nga viti 2025.<\/p>\n<p>Komunat e Kosov\u00ebs pritet ta d\u00ebrgojn\u00eb k\u00ebt\u00eb ligj n\u00eb Gjykat\u00ebn Kushtetuese. Sipas AKK-s\u00eb, miratimi i tij pa konsulta paraprake me komunat e ka cenuar autonomin\u00eb lokale financiare.<\/p>\n<p>\u201cDuke u bazuar n\u00eb Kushtetut\u00ebn e Kosov\u00ebs, ku thuhet q\u00eb pal\u00ebt e autorizuara p\u00ebr ngritjen e rasteve n\u00eb Gjykat\u00eb jan\u00eb edhe Komunat, at\u00ebher\u00eb Bordi i AKK-s\u00eb duke marr\u00eb parasysh q\u00eb komuna si Institucion shtet\u00ebror \u00ebsht\u00eb e autorizuar q\u00eb t\u00eb kontestoj\u00eb kushtetutshm\u00ebrin\u00eb e ligjeve dhe akteve ligjore, i rekomandon komunat q\u00eb ta d\u00ebrgojn\u00eb k\u00ebt\u00eb Ligj n\u00eb Gjykat\u00ebn Kushtetuese p\u00ebr interpretimin e tij Kushtetues\u201d, thuhet n\u00eb njoftimin e AKK-s\u00eb.<\/p>\n<p>Sipas Asociacionit, me k\u00ebt\u00eb Ligj jan\u00eb cenuar r\u00ebnd\u00eb p\u00ebrgjegj\u00ebsit\u00eb komunale dhe se ky Ligj ka ndikim t\u00eb drejtp\u00ebrdrejt\u00eb n\u00eb zvog\u00eblimin e t\u00eb hyrave t\u00eb komunave, afektim n\u00eb projektet kapitale dhe debalancim mes projeksioneve investuese dhe t\u00eb hyrave vetanake, si t\u00eb hyrat kryesore t\u00eb pushtetit lokal. \/<em><strong>CFM<\/strong><\/em>\/<\/p>\n","protected":false},"excerpt":{"rendered":"<p>Mbi 27 milion\u00eb euro llogaritet t\u00eb jet\u00eb d\u00ebmi q\u00eb u shkaktohet komunave nga zbatimi i Ligjin p\u00ebr Tatimin n\u00eb pron\u00ebn e paluajtshme. N\u00eb baz\u00eb t\u00eb p\u00ebrllogaritjes s\u00eb Asociacionit t\u00eb Komunave t\u00eb Kosov\u00ebs, m\u00eb e d\u00ebmtuara \u00ebsht\u00eb Komuna e Prishtin\u00ebs me mbi 6 milion\u00eb e 800 mij\u00eb euro, e pasuar nga Komuna e Prizrenit me 3 [&hellip;]<\/p>\n","protected":false},"author":7,"featured_media":6025,"comment_status":"open","ping_status":"closed","sticky":false,"template":"","format":"standard","meta":{"om_disable_all_campaigns":false,"_monsterinsights_skip_tracking":false,"_monsterinsights_sitenote_active":false,"_monsterinsights_sitenote_note":"","_monsterinsights_sitenote_category":0,"footnotes":""},"categories":[187],"tags":[615,613,355,614],"class_list":["post-6023","post","type-post","status-publish","format-standard","has-post-thumbnail","hentry","category-ekonomi","tag-akk","tag-asociacioni-i-komunave-te-kosoves","tag-gjykata-kushtetuese","tag-tatimi-ne-prone"],"aioseo_notices":[],"_links":{"self":[{"href":"https:\/\/capital921.com\/index.php?rest_route=\/wp\/v2\/posts\/6023","targetHints":{"allow":["GET"]}}],"collection":[{"href":"https:\/\/capital921.com\/index.php?rest_route=\/wp\/v2\/posts"}],"about":[{"href":"https:\/\/capital921.com\/index.php?rest_route=\/wp\/v2\/types\/post"}],"author":[{"embeddable":true,"href":"https:\/\/capital921.com\/index.php?rest_route=\/wp\/v2\/users\/7"}],"replies":[{"embeddable":true,"href":"https:\/\/capital921.com\/index.php?rest_route=%2Fwp%2Fv2%2Fcomments&post=6023"}],"version-history":[{"count":1,"href":"https:\/\/capital921.com\/index.php?rest_route=\/wp\/v2\/posts\/6023\/revisions"}],"predecessor-version":[{"id":6026,"href":"https:\/\/capital921.com\/index.php?rest_route=\/wp\/v2\/posts\/6023\/revisions\/6026"}],"wp:featuredmedia":[{"embeddable":true,"href":"https:\/\/capital921.com\/index.php?rest_route=\/wp\/v2\/media\/6025"}],"wp:attachment":[{"href":"https:\/\/capital921.com\/index.php?rest_route=%2Fwp%2Fv2%2Fmedia&parent=6023"}],"wp:term":[{"taxonomy":"category","embeddable":true,"href":"https:\/\/capital921.com\/index.php?rest_route=%2Fwp%2Fv2%2Fcategories&post=6023"},{"taxonomy":"post_tag","embeddable":true,"href":"https:\/\/capital921.com\/index.php?rest_route=%2Fwp%2Fv2%2Ftags&post=6023"}],"curies":[{"name":"wp","href":"https:\/\/api.w.org\/{rel}","templated":true}]}}