{"id":6016,"date":"2023-08-24T20:42:17","date_gmt":"2023-08-24T18:42:17","guid":{"rendered":"https:\/\/capital921.com\/?p=6016"},"modified":"2023-08-24T20:42:17","modified_gmt":"2023-08-24T18:42:17","slug":"tahiri-qellimi-i-pushtetit-nuk-eshte-denoncimi-i-ndonje-akti-penal-por-krijimi-i-argumenteve-fiktive","status":"publish","type":"post","link":"https:\/\/capital921.com\/?p=6016","title":{"rendered":"Tahiri: Q\u00ebllimi i pushtetit nuk \u00ebsht\u00eb denoncimi i ndonj\u00eb akti penal, por krijimi i argumenteve fiktive"},"content":{"rendered":"<p><strong>Shefi i Grupit Parlamentar t\u00eb AAK-s\u00eb, Besnik Tahiri, i ka b\u00ebr\u00eb thirrje sistemit prokurorial t\u00eb Kosov\u00ebs, q\u00eb t\u00eb vazhdoj\u00eb pun\u00ebn e tyre t\u00eb pakompromis n\u00eb luftimin e krimit dhe korrupsionit.<\/strong><\/p>\n<div dir=\"auto\">Tahiri ka th\u00ebn\u00eb se q\u00ebllimi i pushtetit nuk \u00ebsht\u00eb denoncimi i ndonj\u00eb akti penal, por krijimi i argumenteve fiktive, me t\u00eb cilat do t\u00eb sulmohej Prokuroria.<\/div>\n<div dir=\"auto\"><\/div>\n<div dir=\"auto\">\u201cShihet shum\u00eb qart\u00eb se q\u00ebllimi i pushtetit nuk \u00ebsht\u00eb denoncimi i ndonj\u00eb akti penal, por krijimi i argumenteve fiktive, me t\u00eb cilat do t\u00eb sulmohej Prokuroria, pik\u00ebrisht n\u00eb koh\u00ebn kur zyrtar\u00ebt e k\u00ebtij pushteti do t\u00eb ndiqeshin p\u00ebr vepra korruptive. Dhe, pik\u00ebrisht tani po ndodh ky fenomen, ku me q\u00ebllim t\u00eb d\u00ebmtimit t\u00eb integritetit t\u00eb prokuror\u00ebve dhe humbjes s\u00eb besimit ndaj sitemit prokurorial, eksponent\u00eb t\u00eb Qeveris\u00eb po dalin me video lin\u00e7uese, se kinese Prokuroria \u00ebsht\u00eb e nj\u00ebanshme, ku si argument po p\u00ebrdorin pik\u00ebrisht kall\u00ebzimet penale t\u00eb cilat i kishin parashtruar m\u00eb her\u00ebt dhe t\u00eb cilat nuk p\u00ebrmbushnin kriteret ligjore p\u00ebr t\u2019u trajtuar\u201d, ka th\u00ebn\u00eb Tahiri n\u00eb nj\u00eb postim n\u00eb Facebook.<\/div>\n<div dir=\"auto\"><\/div>\n<div dir=\"auto\">Prokuroria Speciale dit\u00ebve t\u00eb fundit ka qen\u00eb n\u00eb sh\u00ebnjest\u00ebr t\u00eb ministrave t\u00eb Qeveris\u00eb Kurti, t\u00eb cil\u00ebt e kan\u00eb kritikuar p\u00ebr mosveprim ndaj denoncimeve q\u00eb ata po i b\u00ebjn\u00eb.<\/div>\n<div dir=\"auto\"><\/div>\n<div dir=\"auto\">Ka qen\u00eb e para ministrja e Industris\u00eb, Nd\u00ebrmarr\u00ebsis\u00eb dhe Tregtis\u00eb, Rozeta Hajdari, e cila ka publikuar nj\u00eb video n\u00eb llogarin\u00eb e saj n\u00eb Facebook, ku ka folur p\u00ebr ish-ministrin Vesel Krasniqi t\u00eb cilin e ka akuzuar se ka krijuar monopol n\u00eb fush\u00ebn e kontrollit t\u00eb cil\u00ebsis\u00eb s\u00eb karburanteve n\u00eb Kosov\u00eb.<\/div>\n<div dir=\"auto\"><\/div>\n<div dir=\"auto\">Dyshime p\u00ebr pun\u00ebn e Prokuroris\u00eb Speciale ka hedhur edhe ministrja e Drejt\u00ebsis\u00eb, Albulena Haxhiu.<\/div>\n<div dir=\"auto\">\n<div dir=\"auto\">\n<p>Ajo ka folur p\u00ebr nj\u00eb pron\u00eb n\u00eb Vushtrri q\u00eb sipas saj i takon dikasterit q\u00eb udh\u00ebheq, por q\u00eb i \u00ebsht\u00eb dh\u00ebn\u00eb p\u00ebr 10 vjet n\u00eb shfryt\u00ebzim nj\u00eb personi fizik nga ish-ministri i Drejt\u00ebsis\u00eb dhe ish-drejtori i burgjeve.<\/p>\n<\/div>\n<div dir=\"auto\">E, ministri i Bujq\u00ebsis\u00eb, Pylltaris\u00eb dhe Zhvillimit Rural, Faton Peci, ka b\u00ebr\u00eb t\u00eb ditur se ka marr\u00eb vendim p\u00ebr lirimin e t\u00eb gjitha objekteve nga pronat q\u00eb jan\u00eb nd\u00ebrtuar n\u00eb m\u00ebnyr\u00eb t\u00eb kund\u00ebrligjshme.<\/div>\n<div dir=\"auto\"><\/div>\n<div dir=\"auto\">Ndaj k\u00ebtyre kritikave q\u00eb ministrat qeveritar\u00eb i kan\u00eb b\u00ebr\u00eb Prokuroris\u00eb s\u00eb Shtetit kan\u00eb reaguar deputet\u00eb dhe zyrtar\u00eb t\u00eb partive opozitare. \/<em><strong>CFM<\/strong><\/em>\/<\/div>\n<\/div>\n","protected":false},"excerpt":{"rendered":"<p>Shefi i Grupit Parlamentar t\u00eb AAK-s\u00eb, Besnik Tahiri, i ka b\u00ebr\u00eb thirrje sistemit prokurorial t\u00eb Kosov\u00ebs, q\u00eb t\u00eb vazhdoj\u00eb pun\u00ebn e tyre t\u00eb pakompromis n\u00eb luftimin e krimit dhe korrupsionit. Tahiri ka th\u00ebn\u00eb se q\u00ebllimi i pushtetit nuk \u00ebsht\u00eb denoncimi i ndonj\u00eb akti penal, por krijimi i argumenteve fiktive, me t\u00eb cilat do t\u00eb sulmohej [&hellip;]<\/p>\n","protected":false},"author":7,"featured_media":6017,"comment_status":"open","ping_status":"closed","sticky":false,"template":"","format":"standard","meta":{"om_disable_all_campaigns":false,"_monsterinsights_skip_tracking":false,"_monsterinsights_sitenote_active":false,"_monsterinsights_sitenote_note":"","_monsterinsights_sitenote_category":0,"footnotes":""},"categories":[123],"tags":[378,377,611,610,277],"class_list":["post-6016","post","type-post","status-publish","format-standard","has-post-thumbnail","hentry","category-lajme","tag-aak","tag-besnik-tahiri","tag-faton-peci","tag-prokuroria-speciale","tag-qeveria-e-kosoves"],"aioseo_notices":[],"_links":{"self":[{"href":"https:\/\/capital921.com\/index.php?rest_route=\/wp\/v2\/posts\/6016","targetHints":{"allow":["GET"]}}],"collection":[{"href":"https:\/\/capital921.com\/index.php?rest_route=\/wp\/v2\/posts"}],"about":[{"href":"https:\/\/capital921.com\/index.php?rest_route=\/wp\/v2\/types\/post"}],"author":[{"embeddable":true,"href":"https:\/\/capital921.com\/index.php?rest_route=\/wp\/v2\/users\/7"}],"replies":[{"embeddable":true,"href":"https:\/\/capital921.com\/index.php?rest_route=%2Fwp%2Fv2%2Fcomments&post=6016"}],"version-history":[{"count":1,"href":"https:\/\/capital921.com\/index.php?rest_route=\/wp\/v2\/posts\/6016\/revisions"}],"predecessor-version":[{"id":6018,"href":"https:\/\/capital921.com\/index.php?rest_route=\/wp\/v2\/posts\/6016\/revisions\/6018"}],"wp:featuredmedia":[{"embeddable":true,"href":"https:\/\/capital921.com\/index.php?rest_route=\/wp\/v2\/media\/6017"}],"wp:attachment":[{"href":"https:\/\/capital921.com\/index.php?rest_route=%2Fwp%2Fv2%2Fmedia&parent=6016"}],"wp:term":[{"taxonomy":"category","embeddable":true,"href":"https:\/\/capital921.com\/index.php?rest_route=%2Fwp%2Fv2%2Fcategories&post=6016"},{"taxonomy":"post_tag","embeddable":true,"href":"https:\/\/capital921.com\/index.php?rest_route=%2Fwp%2Fv2%2Ftags&post=6016"}],"curies":[{"name":"wp","href":"https:\/\/api.w.org\/{rel}","templated":true}]}}