{"id":5933,"date":"2023-08-21T15:22:01","date_gmt":"2023-08-21T13:22:01","guid":{"rendered":"https:\/\/capital921.com\/?p=5933"},"modified":"2023-08-21T15:22:01","modified_gmt":"2023-08-21T13:22:01","slug":"diskutohet-per-situaten-e-sigurise-ne-vend","status":"publish","type":"post","link":"https:\/\/capital921.com\/?p=5933","title":{"rendered":"Diskutohet p\u00ebr situat\u00ebn e siguris\u00eb n\u00eb vend"},"content":{"rendered":"<p><strong>Ministri i ri i Mbrojtjes, Ejup Maqedonci ka pritur n\u00eb takim komandantin e KFOR-it, gjeneralmajor Angelo Michele Ristuccia.<\/strong><\/p>\n<p>Duke diskutuar p\u00ebr situat\u00ebn e siguris\u00eb n\u00eb vend, t\u00eb dy kan\u00eb theksuar vazhdimin e bashk\u00ebpunimit n\u00eb mes t\u00eb dy institucioneve, n\u00eb kuad\u00ebr t\u00eb mandateve q\u00eb kan\u00eb.<\/p>\n<p>N\u00eb njoftim \u00ebsht\u00eb b\u00ebr\u00eb nga Ministria e Mbrojtjes b\u00ebhet e ditur se Maqedonci e ka njoftuar komandantin e KFOR-it lidhur me proceset aktuale si dhe p\u00ebr synimet p\u00ebr integrim n\u00eb organizatat euroatlantike.<\/p>\n<p>\u201cNd\u00ebr tjerash, n\u00eb k\u00ebt\u00eb takim u bisedua lidhur me situat\u00ebn e siguris\u00eb n\u00eb vend, ku t\u00eb dy bashk\u00ebbiseduesit e theksuan se bashk\u00ebpunimi i ngusht\u00eb mes Ministris\u00eb s\u00eb Mbrojtjes dhe FSK-s\u00eb me KFOR-in do t\u00eb vazhdoj\u00eb edhe m\u00eb tej n\u00eb kuad\u00ebr t\u00eb mandateve q\u00eb kan\u00eb, n\u00eb sh\u00ebrbim t\u00eb siguris\u00eb s\u00eb gjith\u00eb qytetar\u00ebve t\u00eb Republik\u00ebs s\u00eb Kosov\u00ebs\u201d, thuhet n\u00eb njoftim. \/<em><strong>CFM<\/strong><\/em>\/<\/p>\n","protected":false},"excerpt":{"rendered":"<p>Ministri i ri i Mbrojtjes, Ejup Maqedonci ka pritur n\u00eb takim komandantin e KFOR-it, gjeneralmajor Angelo Michele Ristuccia. Duke diskutuar p\u00ebr situat\u00ebn e siguris\u00eb n\u00eb vend, t\u00eb dy kan\u00eb theksuar vazhdimin e bashk\u00ebpunimit n\u00eb mes t\u00eb dy institucioneve, n\u00eb kuad\u00ebr t\u00eb mandateve q\u00eb kan\u00eb. N\u00eb njoftim \u00ebsht\u00eb b\u00ebr\u00eb nga Ministria e Mbrojtjes b\u00ebhet e ditur [&hellip;]<\/p>\n","protected":false},"author":7,"featured_media":5934,"comment_status":"open","ping_status":"closed","sticky":false,"template":"","format":"standard","meta":{"om_disable_all_campaigns":false,"_monsterinsights_skip_tracking":false,"_monsterinsights_sitenote_active":false,"_monsterinsights_sitenote_note":"","_monsterinsights_sitenote_category":0,"footnotes":""},"categories":[123],"tags":[595,596,350,116,115],"class_list":["post-5933","post","type-post","status-publish","format-standard","has-post-thumbnail","hentry","category-lajme","tag-angelo-michele-ristuccia","tag-ejup-maqedonci","tag-fsk","tag-kfor","tag-nato"],"aioseo_notices":[],"_links":{"self":[{"href":"https:\/\/capital921.com\/index.php?rest_route=\/wp\/v2\/posts\/5933","targetHints":{"allow":["GET"]}}],"collection":[{"href":"https:\/\/capital921.com\/index.php?rest_route=\/wp\/v2\/posts"}],"about":[{"href":"https:\/\/capital921.com\/index.php?rest_route=\/wp\/v2\/types\/post"}],"author":[{"embeddable":true,"href":"https:\/\/capital921.com\/index.php?rest_route=\/wp\/v2\/users\/7"}],"replies":[{"embeddable":true,"href":"https:\/\/capital921.com\/index.php?rest_route=%2Fwp%2Fv2%2Fcomments&post=5933"}],"version-history":[{"count":1,"href":"https:\/\/capital921.com\/index.php?rest_route=\/wp\/v2\/posts\/5933\/revisions"}],"predecessor-version":[{"id":5935,"href":"https:\/\/capital921.com\/index.php?rest_route=\/wp\/v2\/posts\/5933\/revisions\/5935"}],"wp:featuredmedia":[{"embeddable":true,"href":"https:\/\/capital921.com\/index.php?rest_route=\/wp\/v2\/media\/5934"}],"wp:attachment":[{"href":"https:\/\/capital921.com\/index.php?rest_route=%2Fwp%2Fv2%2Fmedia&parent=5933"}],"wp:term":[{"taxonomy":"category","embeddable":true,"href":"https:\/\/capital921.com\/index.php?rest_route=%2Fwp%2Fv2%2Fcategories&post=5933"},{"taxonomy":"post_tag","embeddable":true,"href":"https:\/\/capital921.com\/index.php?rest_route=%2Fwp%2Fv2%2Ftags&post=5933"}],"curies":[{"name":"wp","href":"https:\/\/api.w.org\/{rel}","templated":true}]}}