{"id":5890,"date":"2023-08-17T18:43:13","date_gmt":"2023-08-17T16:43:13","guid":{"rendered":"https:\/\/capital921.com\/?p=5890"},"modified":"2023-08-17T18:43:13","modified_gmt":"2023-08-17T16:43:13","slug":"perplasje-verbale-ne-mbledhjen-e-odes-se-avokateve-cfare-ndodhi-mes-hasanit-dhe-ejupit","status":"publish","type":"post","link":"https:\/\/capital921.com\/?p=5890","title":{"rendered":"P\u00ebrplasje verbale n\u00eb mbledhjen e Od\u00ebs s\u00eb Avokat\u00ebve, \u00e7far\u00eb ndodhi mes Hasanit dhe Ejupit?"},"content":{"rendered":"<p><strong>N\u00eb mbledhjen e 238-t\u00eb t\u00eb K\u00ebshillit Drejtues t\u00eb Od\u00ebs s\u00eb Avokat\u00ebve t\u00eb Kosov\u00ebs (OAK), t\u00eb enjten, kishte p\u00ebrplasje verbale\u00a0n\u00eb mes t\u00eb kryetarit t\u00eb OAK-s\u00eb, Behar\u00a0Ejupi\u00a0si dhe kryetarit t\u00eb deg\u00ebs rajonale t\u00eb Prishtin\u00ebs,\u00a0Nasuf\u00a0Hasani.<\/strong><\/p>\n<p>E gjith\u00eb kjo pas propozimit t\u00eb Hasani\u00a0q\u00eb t\u00eb diskutohet\u00a0kredibiliteti\u00a0i\u00a0Ejupit,\u00a0p\u00ebrderisa\u00a0sipas tij i nj\u00ebjti\u00a0pa vendim t\u00eb\u00a0K\u00ebshillit Drejtues\u00a0ka shpenzuar shum\u00ebn prej 7 mij\u00eb e 71 euro e 3 cent\u00eb.<\/p>\n<p>Filimisht,\u00a0kryetari i Od\u00ebs\u00a0k\u00ebrkoi\u00a0nga\u00a0Hasani\u00a0q\u00eb\u00a0t\u00eb\u00a0mos pengoj\u00eb\u00a0n\u00eb\u00a0\u00e7\u00ebshtjet\u00a0e mbledhjes\u00a0dhe t\u00eb kryej\u00eb si\u00e7 duhet pun\u00ebn e tij.<\/p>\n<p>\u201cNuk je ti mbi Kuvendin, mbi delegat\u00ebt, je nj\u00eb\u00a0delegat dhe nj\u00eb kryetar i deg\u00ebs, andaj\u00a0kryje\u00a0pun\u00ebn sipas detyr\u00ebs e jo t\u00eb merresh me pun\u00eb tona\u2026,\u00a0mos na\u00a0pengo n\u00eb \u00e7\u00ebshtje t\u00eb mbledhjes\u201d, deklaroi\u00a0Ejupi raporton \u201cBetimi p\u00ebr Drejt\u00ebsi\u201c.<\/p>\n<p>Mir\u00ebpo, pas k\u00ebsaj\u00a0Nasuf\u00a0Hasani iu drejtua kryetarit Ejupi me fjal\u00ebt \u201cTi je hajn i t\u00eb par\u00ebs dor\u00eb\u201d.<\/p>\n<p>Lidhur me k\u00ebt\u00eb, Ejupi paralajm\u00ebroi inicim t\u00eb procedur\u00ebs ndaj Hasanit.<\/p>\n<p>\u201cPo t\u00eb paralajm\u00ebroj q\u00eb kom me\u00a0inicu\u00a0procedur\u00eb\u00a0sipas ligji\u201d, iu drejtua Ejupi.<\/p>\n<p>Po ashtu, Ejupi tha se K\u00ebshilli Mbik\u00ebqyr\u00ebs nuk ka konststuar asnj\u00eb shkelje dhe se Kuvendi e ka aprovuar raportin e K\u00ebshillit Mbik\u00ebqyr\u00ebs.<\/p>\n<p>Pas k\u00ebtyre diskutimeve t\u00eb ashpra,\u00a0propozimi\u00a0i\u00a0Kryetarit t\u00eb\u00a0Deg\u00ebs Rajonale t\u00eb\u00a0Prishtin\u00ebs,\u00a0Nasuf\u00a0Hasani\u00a0u hodh n\u00eb\u00a0votim\u00a0dhe m\u00eb nj\u00eb vot\u00eb pro, pes\u00eb vota kund\u00ebr dhe nj\u00eb abstenim,\u00a0nuk u aprovua\u00a0propozimi\u00a0i\u00a0tij, andaj K\u00ebshilli vazhdoi mbledhjen me pika tjera t\u00eb rendit t\u00eb dit\u00ebs.<\/p>\n<p>Gjat\u00eb k\u00ebsaj mbledhje, me pes\u00eb vota pro, 2 abstenime dhe nj\u00eb vot\u00eb kund\u00ebr, u miratuan raportet financiare t\u00eb muajit qershor dhe korrik 2023.<\/p>\n<p>Hasani pati kund\u00ebrshtime duke th\u00ebn\u00eb se nuk e di si \u00ebsht\u00eb e mundur t\u00eb hudhet nj\u00eb raport i till\u00eb n\u00eb votim pa u specifikuar disa shuma.<\/p>\n<p>\u201cEdhe vitin e kalum sa i p\u00ebrket shpenzimit t\u00eb udh\u00ebtimit zyrtar n\u00eb Poloni k\u00ebtu k\u00ebshilli mbik\u00ebqyr\u00ebs ka konstatu se kemi harxhu 3 mij\u00eb e 156 euro, e ne si an\u00ebtar\u00eb t\u00eb K\u00ebshillit Drejtues nuk kemi qasje hi\u00e7\u201d, tha ai. I nj\u00ebjti tha se shpenzimet n\u00eb Poloni kan\u00eb kushtuar 2 mij\u00eb e 999 euro, nd\u00ebrkaq lidhur me shpifjet e b\u00ebra tani m\u00eb ka d\u00ebrguar padi n\u00eb Gjykat\u00ebn Themelore dhe pret q\u00eb gjykata t\u00eb vendos sipas fakteve dhe provave\u201d, tha ai.<\/p>\n<p>N\u00eb k\u00ebt\u00eb mbledhje, me vota unanime K\u00ebshilli mori vendim q\u00eb t\u00eb aprovoj\u00eb k\u00ebrkes\u00ebn p\u00ebr licencim t\u00eb avokat\u00ebve dhe praktikant\u00ebve sipas emrave t\u00eb lexuar n\u00eb k\u00ebt\u00eb mbledhje. \/<em><strong>CFM<\/strong><\/em>\/<\/p>\n","protected":false},"excerpt":{"rendered":"<p>N\u00eb mbledhjen e 238-t\u00eb t\u00eb K\u00ebshillit Drejtues t\u00eb Od\u00ebs s\u00eb Avokat\u00ebve t\u00eb Kosov\u00ebs (OAK), t\u00eb enjten, kishte p\u00ebrplasje verbale\u00a0n\u00eb mes t\u00eb kryetarit t\u00eb OAK-s\u00eb, Behar\u00a0Ejupi\u00a0si dhe kryetarit t\u00eb deg\u00ebs rajonale t\u00eb Prishtin\u00ebs,\u00a0Nasuf\u00a0Hasani. E gjith\u00eb kjo pas propozimit t\u00eb Hasani\u00a0q\u00eb t\u00eb diskutohet\u00a0kredibiliteti\u00a0i\u00a0Ejupit,\u00a0p\u00ebrderisa\u00a0sipas tij i nj\u00ebjti\u00a0pa vendim t\u00eb\u00a0K\u00ebshillit Drejtues\u00a0ka shpenzuar shum\u00ebn prej 7 mij\u00eb e 71 euro [&hellip;]<\/p>\n","protected":false},"author":7,"featured_media":5891,"comment_status":"open","ping_status":"closed","sticky":false,"template":"","format":"standard","meta":{"om_disable_all_campaigns":false,"_monsterinsights_skip_tracking":false,"_monsterinsights_sitenote_active":false,"_monsterinsights_sitenote_note":"","_monsterinsights_sitenote_category":0,"footnotes":""},"categories":[123],"tags":[578,579,580],"class_list":["post-5890","post","type-post","status-publish","format-standard","has-post-thumbnail","hentry","category-lajme","tag-behar-ejupi","tag-nasuf-hasani","tag-oda-e-avokateve-te-kosoves"],"aioseo_notices":[],"_links":{"self":[{"href":"https:\/\/capital921.com\/index.php?rest_route=\/wp\/v2\/posts\/5890","targetHints":{"allow":["GET"]}}],"collection":[{"href":"https:\/\/capital921.com\/index.php?rest_route=\/wp\/v2\/posts"}],"about":[{"href":"https:\/\/capital921.com\/index.php?rest_route=\/wp\/v2\/types\/post"}],"author":[{"embeddable":true,"href":"https:\/\/capital921.com\/index.php?rest_route=\/wp\/v2\/users\/7"}],"replies":[{"embeddable":true,"href":"https:\/\/capital921.com\/index.php?rest_route=%2Fwp%2Fv2%2Fcomments&post=5890"}],"version-history":[{"count":1,"href":"https:\/\/capital921.com\/index.php?rest_route=\/wp\/v2\/posts\/5890\/revisions"}],"predecessor-version":[{"id":5892,"href":"https:\/\/capital921.com\/index.php?rest_route=\/wp\/v2\/posts\/5890\/revisions\/5892"}],"wp:featuredmedia":[{"embeddable":true,"href":"https:\/\/capital921.com\/index.php?rest_route=\/wp\/v2\/media\/5891"}],"wp:attachment":[{"href":"https:\/\/capital921.com\/index.php?rest_route=%2Fwp%2Fv2%2Fmedia&parent=5890"}],"wp:term":[{"taxonomy":"category","embeddable":true,"href":"https:\/\/capital921.com\/index.php?rest_route=%2Fwp%2Fv2%2Fcategories&post=5890"},{"taxonomy":"post_tag","embeddable":true,"href":"https:\/\/capital921.com\/index.php?rest_route=%2Fwp%2Fv2%2Ftags&post=5890"}],"curies":[{"name":"wp","href":"https:\/\/api.w.org\/{rel}","templated":true}]}}