{"id":5809,"date":"2023-08-13T12:27:33","date_gmt":"2023-08-13T10:27:33","guid":{"rendered":"https:\/\/capital921.com\/?p=5809"},"modified":"2023-08-13T12:27:33","modified_gmt":"2023-08-13T10:27:33","slug":"lugina-kjo-plage-kosove","status":"publish","type":"post","link":"https:\/\/capital921.com\/?p=5809","title":{"rendered":"Lugina, kjo plag\u00eb Kosove"},"content":{"rendered":"<p><main><\/p>\n<section class=\"readmore\">\n<div class=\"container\">\n<div class=\"row clear\">\n<div class=\"col-lg-8 col-md-8 col-sm-12 col-12\">\n<article class=\"readmore-view w-100\">\n<div class=\"d-flex flex-column\">\n<div class=\"mobile-order-top\" style=\"text-align: left;\">\n<figure><\/figure>\n<\/div>\n<\/div>\n<div class=\"readmore-box\">\n<div class=\"readmore-content\">\n<p><strong>M\u00eb shum\u00eb se kudo tjet\u00ebr n\u00eb tokat shqiptare, si n\u00eb Lugin\u00eb t\u00eb Preshev\u00ebs askund se ndjen veten m\u00eb shqiptar.<\/strong><\/p>\n<p><strong><em>Enis RE\u00c7ICA<\/em><\/strong><\/p>\n<p>Aty vjen era shqiptar. Edhe fryma bartet e rrokulliset n\u00ebp\u00ebr shpatet e kodrat shqiptare. \u00c7do gj\u00eb frymon shqip. Dhe e duan shqiptarizmin, por v\u00ebshtir\u00eb ta mbajn\u00eb\u2026<\/p>\n<p>Kaq shqip, fatkeq\u00ebsisht nuk mund t\u00eb shprehen edhe njer\u00ebzit, q\u00eb shqiptar t\u00eb v\u00ebrtet\u00eb jan\u00eb. Aty vazhdohet vuajtja, nj\u00ebjt\u00eb si n\u00eb Kosov\u00ebn e para luft\u00ebs. M\u00eb e keqja, Kosova q\u00eb vet\u00eb shp\u00ebtoi nga i nj\u00ebjti zullumqar, e Shqip\u00ebria q\u00eb e vazhdon bashk\u00ebpunimin me t\u00eb, pak e hiq shqiptari po mbjellin n\u00eb k\u00ebt\u00eb tok\u00eb q\u00eb ka mbet pa dashje matan kufirit. Edhe kufiri \u00ebsht\u00eb diskriminues aty, me ndalime e malltretime t\u00eb p\u00ebrditshme, ve\u00e7 pse je shqiptar.<\/p>\n<p>Ve\u00e7 pse jan\u00eb t\u00eb till\u00eb, as flamurin shqip s\u2019mund ta valvisin mbi pullazet e vjet\u00ebruara. Pluhuri, ve\u00e7 tjegullave, ka mbuluar edhe lumturin\u00eb. Si t\u00eb jesh i lumtur kur po q\u00eb se kthehesh nga kafiteria, ara, xhamia a tregu, e gjen veten t\u00eb fshir\u00eb nga adresa. S\u2019je m\u00eb pronar i trualit t\u00ebnd dem-baba-dem, ve\u00e7 pse n\u00eb rrudhat tua d\u00ebshmohet djersa shqipe.<\/p>\n<p>E ku mos me piku loti i past\u00ebr kur tentohet q\u00eb as shqipja t\u00eb mos mbetet e past\u00ebr. N\u00eb \u00e7do 1 shtator, gjaku i ri shqiptar, q\u00eb po rritet diskriminuesh\u00ebm bankave t\u00eb vjet\u00ebruara e t\u00eb pa riparuara nga autokrat\u00ebt racist, duhet t\u00eb d\u00ebgjoj hymnin e tyre. Kjo gjenerat\u00eb vet\u00ebm vjedhurazi m\u00ebsojn\u00eb p\u00ebr trim\u00ebrin\u00eb e njerzve q\u00eb ua kthyen tyt\u00ebn diskriminuesve t\u00eb till\u00eb viteve 90-ta. N\u00eb asnj\u00eb lib\u00ebr shkollor nuk e kan\u00eb lexuar kombinimin e tre shkronjave U\u00c7K, e aq m\u00eb pak p\u00ebr ata q\u00eb ran\u00eb d\u00ebshmor\u00eb \u2013 ve\u00e7 pse desh\u00ebn t\u00eb mbesin shqiptar.<\/p>\n<p>M\u00eb e keqja, vendi i heronj\u00ebve q\u00eb shp\u00ebtuan Kosov\u00ebn \u201cper\u00ebndimore\u201d, din\u00eb t\u00eb jen\u00eb kogja diskriminues ndaj \u201cKosov\u00ebs lindore\u201d. N\u00ebse ndonj\u00ebri nga ta d\u00ebshiron t\u00eb pajiset me Let\u00ebrnjoftim t\u00eb Kosov\u00ebs sovrane, i duhen minimumi pes\u00eb vite t\u00eb trokas dyerve administrative t\u00eb burokracis\u00eb q\u00eb e ka harruar vuajtjen e vet. Sikur \u201ckosovar\u00ebt e lir\u00eb\u201d q\u00eb vuajt\u00ebn para 99-\u00ebs, \u201ckosovar\u00ebt e burgosur\u201d vazhdojn\u00eb me dy vuajtje. Dhimbje kan\u00eb pse mbet\u00ebn andej kufirit. E pik\u00ebllim mbajn\u00eb, pse shteti 10 mij\u00eb kilomet\u00ebrsh katror, u jep ve\u00e7 nga nj\u00eb vit \u201cleje q\u00ebndrim\u201d. Dhe p\u00ebr secilin vit, duhen ngarendin sporteleve me nj\u00eb mori dokumentesh, e nga 100 euro pages\u00eb, ve\u00e7 p\u00ebr ta vazhduar \u201cleje q\u00ebndrimin\u201d n\u00eb shtetin me t\u00eb cilin duan t\u00eb bashkohen.<\/p>\n<p>Duan lejeq\u00ebndrim n\u00eb Kosov\u00eb, p\u00ebr t\u00eb pasur mund\u00ebsi pun\u00ebsimi. D\u00ebshirojn\u00eb t\u00eb punojn\u00eb k\u00ebndej, sepse politika gjenocidiale ka qasje raciste p\u00ebr mund\u00ebsin\u00eb e pun\u00ebsimit p\u00ebr njer\u00ebzit andej q\u00eb flasin shqip.<\/p>\n<p>Ah medet, as Kosova am\u00eb, as Shqip\u00ebria nan\u00eb, s\u2019mendojn\u00eb p\u00ebr bijt\u00eb q\u00eb qajn\u00eb.<\/p>\n<p>K\u00ebt\u00eb qasje diskriminuese, nga af\u00ebr e pan\u00eb gjasht\u00eb gazetar\u00eb nga po kaq media t\u00eb Kosov\u00ebs, nga 7-9 gushti i 2023, n\u00eb mesin e t\u00eb cil\u00ebve, si pjes\u00eb e Klan Kosova, isha dhe un\u00eb. Ne ndjem\u00eb me shqiptar\u00ebt shqip q\u00eb flasin. Ndjem\u00eb dhimbjen n\u00ebn organizimin e K\u00ebshillit Nacional Shqiptar, q\u00eb udh\u00ebhiqet nga nj\u00eb djal\u00eb q\u00eb ngjall\u00eb shpres\u00eb matan\u00eb. E shpresa e tyre, arrihet kur t\u00eb tjer\u00eb shqiptar\u00eb shkojn\u00eb andej shpesh, p\u00ebr t\u00eb par\u00eb nga af\u00ebr v\u00ebllan\u00eb shqiptar.<\/p>\n<p><em>Autori ka p\u00ebrfunduar masterin n\u00eb Shkencat Politike dhe punon si gazetar.<\/em><\/p>\n<p><em>(Ky \u00ebsht\u00eb q\u00ebndrim personal i autorit dhe nuk p\u00ebrfaq\u00ebson q\u00ebndrimin editorial t\u00eb radios <strong>Capital FM<\/strong>)<\/em><\/p>\n<\/div>\n<\/div>\n<\/article>\n<\/div>\n<\/div>\n<\/div>\n<\/section>\n<p><\/main><\/p>\n","protected":false},"excerpt":{"rendered":"<p>M\u00eb shum\u00eb se kudo tjet\u00ebr n\u00eb tokat shqiptare, si n\u00eb Lugin\u00eb t\u00eb Preshev\u00ebs askund se ndjen veten m\u00eb shqiptar. Enis RE\u00c7ICA Aty vjen era shqiptar. Edhe fryma bartet e rrokulliset n\u00ebp\u00ebr shpatet e kodrat shqiptare. \u00c7do gj\u00eb frymon shqip. Dhe e duan shqiptarizmin, por v\u00ebshtir\u00eb ta mbajn\u00eb\u2026 Kaq shqip, fatkeq\u00ebsisht nuk mund t\u00eb shprehen edhe [&hellip;]<\/p>\n","protected":false},"author":7,"featured_media":5810,"comment_status":"open","ping_status":"closed","sticky":false,"template":"","format":"standard","meta":{"om_disable_all_campaigns":false,"_monsterinsights_skip_tracking":false,"_monsterinsights_sitenote_active":false,"_monsterinsights_sitenote_note":"","_monsterinsights_sitenote_category":0,"footnotes":""},"categories":[525],"tags":[526,141,528,527,413,336],"class_list":["post-5809","post","type-post","status-publish","format-standard","has-post-thumbnail","hentry","category-opinion","tag-enis-recica","tag-kosova","tag-lugina","tag-opinion","tag-shqiperia","tag-uck"],"aioseo_notices":[],"_links":{"self":[{"href":"https:\/\/capital921.com\/index.php?rest_route=\/wp\/v2\/posts\/5809","targetHints":{"allow":["GET"]}}],"collection":[{"href":"https:\/\/capital921.com\/index.php?rest_route=\/wp\/v2\/posts"}],"about":[{"href":"https:\/\/capital921.com\/index.php?rest_route=\/wp\/v2\/types\/post"}],"author":[{"embeddable":true,"href":"https:\/\/capital921.com\/index.php?rest_route=\/wp\/v2\/users\/7"}],"replies":[{"embeddable":true,"href":"https:\/\/capital921.com\/index.php?rest_route=%2Fwp%2Fv2%2Fcomments&post=5809"}],"version-history":[{"count":1,"href":"https:\/\/capital921.com\/index.php?rest_route=\/wp\/v2\/posts\/5809\/revisions"}],"predecessor-version":[{"id":5811,"href":"https:\/\/capital921.com\/index.php?rest_route=\/wp\/v2\/posts\/5809\/revisions\/5811"}],"wp:featuredmedia":[{"embeddable":true,"href":"https:\/\/capital921.com\/index.php?rest_route=\/wp\/v2\/media\/5810"}],"wp:attachment":[{"href":"https:\/\/capital921.com\/index.php?rest_route=%2Fwp%2Fv2%2Fmedia&parent=5809"}],"wp:term":[{"taxonomy":"category","embeddable":true,"href":"https:\/\/capital921.com\/index.php?rest_route=%2Fwp%2Fv2%2Fcategories&post=5809"},{"taxonomy":"post_tag","embeddable":true,"href":"https:\/\/capital921.com\/index.php?rest_route=%2Fwp%2Fv2%2Ftags&post=5809"}],"curies":[{"name":"wp","href":"https:\/\/api.w.org\/{rel}","templated":true}]}}