{"id":5798,"date":"2023-08-11T15:50:59","date_gmt":"2023-08-11T13:50:59","guid":{"rendered":"https:\/\/capital921.com\/?p=5798"},"modified":"2023-08-11T15:53:17","modified_gmt":"2023-08-11T13:53:17","slug":"rifillon-procesi-i-aplikimit-per-njohje-te-statusit-te-viktimave-te-dhunes-seksuale-gjate-luftes-se-fundit-ne-kosove","status":"publish","type":"post","link":"https:\/\/capital921.com\/?p=5798","title":{"rendered":"Rifillon procesi i aplikimit p\u00ebr njohje t\u00eb statusit t\u00eb viktimave t\u00eb dhun\u00ebs seksuale gjat\u00eb luft\u00ebs s\u00eb fundit n\u00eb Kosov\u00eb"},"content":{"rendered":"<p><strong>Komisioni Qeveritar p\u00ebr Njohjen dhe Verifikimin e Statusit t\u00eb Personave t\u00eb Dhunuar gjat\u00eb Luft\u00ebs \u00c7lirimtare t\u00eb Kosov\u00ebs njofton ka njoftuar se ka rifilluar procesi i aplikimit p\u00ebr njohje t\u00eb statusit t\u00eb viktimave t\u00eb dhun\u00ebs seksuale gjat\u00eb luft\u00ebs s\u00eb fundit n\u00eb Kosov\u00eb.<\/strong><\/p>\n<p>Sipas nj\u00eb postimi n\u00eb rrjetin social n\u00eb Facebook b\u00ebhet e ditur se afati\u00a0 p\u00ebr t\u00eb parashtruar k\u00ebrkes\u00ebn p\u00ebr njohjen e statusit t\u00eb viktim\u00ebs s\u00eb dhun\u00ebs seksuale gjat\u00eb luft\u00ebs, p\u00ebr realizimin e t\u00eb drejtave n\u00eb pensione dhe benificione t\u00eb p\u00ebrcaktuara sipas k\u00ebtij ligji p\u00ebr viktima t\u00eb dhun\u00ebs seksuale gjat\u00eb luft\u00ebs \u00ebsht\u00eb deri m\u00eb 15 maj 2025.<\/p>\n<p>\u201cKomisioni Qeveritar fton t\u00eb gjith\u00eb personat e mbijetuar t\u00eb dhun\u00ebs seksuale gjat\u00eb luft\u00ebs \u00e7lirimtare t\u00eb Kosov\u00ebs t\u00eb shfryt\u00ebzojn\u00eb t\u00eb drejt\u00ebn ligjore p\u00ebr aplikim, duke shprehur p\u00ebrkushtimin m\u00eb t\u00eb lart\u00eb p\u00ebr t\u00eb vazhduar pun\u00ebn e palodhshme n\u00eb procesin e njohjes s\u00eb statusit t\u00eb tyre\u201d, thuhet n\u00eb postim.<\/p>\n<p><strong>Deklarata e plot\u00eb e Komisionit Qeveritar p\u00ebr Njohjen dhe Verifikimin e Statusit t\u00eb Personave t\u00eb Dhunuar gjat\u00eb Luft\u00ebs \u00c7lirimtare t\u00eb Kosov\u00ebs:<\/strong><\/p>\n<div class=\"xdj266r x11i5rnm xat24cr x1mh8g0r x1vvkbs x126k92a\">\n<blockquote>\n<div dir=\"auto\">Deklarat\u00eb p\u00ebr media<\/div>\n<\/blockquote>\n<\/div>\n<blockquote>\n<div class=\"x11i5rnm xat24cr x1mh8g0r x1vvkbs xtlvy1s x126k92a\">\n<div dir=\"auto\">Komisioni Qeveritar p\u00ebr Njohjen dhe Verifikimin e Statusit t\u00eb Personave t\u00eb Dhunuar gjat\u00eb Luft\u00ebs \u00c7lirimtare t\u00eb Kosov\u00ebs njofton gjith\u00eb opinionin publik se pas dekretimit nga Presidentja e Republik\u00ebs s\u00eb Kosov\u00ebs Vjosa Osmani-Sadriu t\u00eb Ligjit Nr. 08\/L-219 p\u00ebr ndryshimin dhe plot\u00ebsimin e Ligjit Nr. 04\/L-054 p\u00ebr statusin dhe t\u00eb drejtat e d\u00ebshmor\u00ebve, invalid\u00ebve, veteran\u00ebve, pjes\u00ebtar\u00ebve t\u00eb Ushtris\u00eb \u00c7lirimtare t\u00eb Kosov\u00ebs, viktimave civile dhe familjar\u00ebve t\u00eb tyre, i ndryshuar dhe plot\u00ebsuar me Ligjin Nr. 04\/L-172 p\u00ebr statusin dhe t\u00eb drejtat e d\u00ebshmor\u00ebve, invalid\u00ebve, veteran\u00ebve, pjes\u00ebtar\u00ebve t\u00eb Ushtris\u00eb \u00c7lirimtare t\u00eb Kosov\u00ebs, viktimave t\u00eb dhun\u00ebs seksuale t\u00eb luft\u00ebs, viktimave civile dhe familjar\u00ebve t\u00eb tyre, ka rifilluar procesi i aplikimit p\u00ebr njohje t\u00eb statusit t\u00eb viktimave t\u00eb dhun\u00ebs seksuale gjat\u00eb luft\u00ebs s\u00eb fundit n\u00eb Kosov\u00eb.<\/div>\n<\/div>\n<div class=\"x11i5rnm xat24cr x1mh8g0r x1vvkbs xtlvy1s x126k92a\">\n<div dir=\"auto\">Afati p\u00ebr t\u00eb parashtruar k\u00ebrkes\u00ebn p\u00ebr njohjen e statusit t\u00eb viktim\u00ebs s\u00eb dhun\u00ebs seksuale gjat\u00eb luft\u00ebs, p\u00ebr realizimin e t\u00eb drejtave n\u00eb pensione dhe benificione t\u00eb p\u00ebrcaktuara sipas k\u00ebtij ligji p\u00ebr viktima t\u00eb dhun\u00ebs seksuale gjat\u00eb luft\u00ebs \u00ebsht\u00eb deri m\u00eb 15 maj 2025.<\/div>\n<\/div>\n<div class=\"x11i5rnm xat24cr x1mh8g0r x1vvkbs xtlvy1s x126k92a\">\n<div dir=\"auto\">Komisioni Qeveritar fton t\u00eb gjith\u00eb personat e mbijetuar t\u00eb dhun\u00ebs seksuale gjat\u00eb luft\u00ebs \u00e7lirimtare t\u00eb Kosov\u00ebs t\u00eb shfryt\u00ebzojn\u00eb t\u00eb drejt\u00ebn ligjore p\u00ebr aplikim, duke shprehur p\u00ebrkushtimin m\u00eb t\u00eb lart\u00eb p\u00ebr t\u00eb vazhduar pun\u00ebn e palodhshme n\u00eb procesin e njohjes s\u00eb statusit t\u00eb tyre.<\/div>\n<\/div>\n<div class=\"x11i5rnm xat24cr x1mh8g0r x1vvkbs xtlvy1s x126k92a\">\n<div dir=\"auto\">Komisioni Qeveritar nd\u00ebr vite ka b\u00ebr\u00eb t\u00eb pamundur\u00ebn q\u00eb t\u00eb mb\u00ebshtes\u00eb t\u00eb mbijetuarat\/it duke i trajtuar me dinjitetin m\u00eb t\u00eb lart\u00eb q\u00eb meritojn\u00eb dhe presin nga institucionet e Republik\u00ebs s\u00eb Kosov\u00ebs.<\/div>\n<\/div>\n<div class=\"x11i5rnm xat24cr x1mh8g0r x1vvkbs xtlvy1s x126k92a\">\n<div dir=\"auto\">P\u00ebr rikujtim Komisioni siguron konfidencialitet gjat\u00eb shqyrtimit dhe vendosjes p\u00ebr rastet q\u00eb aplikojn\u00eb p\u00ebr njohjen e statusit viktim\u00eb e dhun\u00ebs seksuale gjat\u00eb luft\u00ebs \u00e7lirimtare t\u00eb Kosov\u00ebs.<\/div>\n<\/div>\n<\/blockquote>\n<div class=\"x11i5rnm xat24cr x1mh8g0r x1vvkbs xtlvy1s x126k92a\">\n<blockquote>\n<div dir=\"auto\">Komisioni Qeveritar do t\u00eb vazhdoj pun\u00ebn e tij n\u00eb ngritjen e nd\u00ebrgjegj\u00ebsimit p\u00ebr krimet e dhun\u00ebs seksuale gjat\u00eb luft\u00ebs n\u00eb Kosov\u00eb dhe p\u00ebr praktikat e tij q\u00eb tashm\u00eb jan\u00eb njohur si shembull pozitiv nd\u00ebrkomb\u00ebtarisht. \/<strong><em>CFM<\/em><\/strong>\/<\/div>\n<\/blockquote>\n<\/div>\n","protected":false},"excerpt":{"rendered":"<p>Komisioni Qeveritar p\u00ebr Njohjen dhe Verifikimin e Statusit t\u00eb Personave t\u00eb Dhunuar gjat\u00eb Luft\u00ebs \u00c7lirimtare t\u00eb Kosov\u00ebs njofton ka njoftuar se ka rifilluar procesi i aplikimit p\u00ebr njohje t\u00eb statusit t\u00eb viktimave t\u00eb dhun\u00ebs seksuale gjat\u00eb luft\u00ebs s\u00eb fundit n\u00eb Kosov\u00eb. Sipas nj\u00eb postimi n\u00eb rrjetin social n\u00eb Facebook b\u00ebhet e ditur se afati\u00a0 p\u00ebr [&hellip;]<\/p>\n","protected":false},"author":7,"featured_media":5800,"comment_status":"open","ping_status":"closed","sticky":false,"template":"","format":"standard","meta":{"om_disable_all_campaigns":false,"_monsterinsights_skip_tracking":false,"_monsterinsights_sitenote_active":false,"_monsterinsights_sitenote_note":"","_monsterinsights_sitenote_category":0,"footnotes":""},"categories":[123],"tags":[519,517,518],"class_list":["post-5798","post","type-post","status-publish","format-standard","has-post-thumbnail","hentry","category-lajme","tag-komisioni-qeveritar","tag-lufta-e-kosoves","tag-viktimat-e-dhunes-seksuale"],"aioseo_notices":[],"_links":{"self":[{"href":"https:\/\/capital921.com\/index.php?rest_route=\/wp\/v2\/posts\/5798","targetHints":{"allow":["GET"]}}],"collection":[{"href":"https:\/\/capital921.com\/index.php?rest_route=\/wp\/v2\/posts"}],"about":[{"href":"https:\/\/capital921.com\/index.php?rest_route=\/wp\/v2\/types\/post"}],"author":[{"embeddable":true,"href":"https:\/\/capital921.com\/index.php?rest_route=\/wp\/v2\/users\/7"}],"replies":[{"embeddable":true,"href":"https:\/\/capital921.com\/index.php?rest_route=%2Fwp%2Fv2%2Fcomments&post=5798"}],"version-history":[{"count":1,"href":"https:\/\/capital921.com\/index.php?rest_route=\/wp\/v2\/posts\/5798\/revisions"}],"predecessor-version":[{"id":5799,"href":"https:\/\/capital921.com\/index.php?rest_route=\/wp\/v2\/posts\/5798\/revisions\/5799"}],"wp:featuredmedia":[{"embeddable":true,"href":"https:\/\/capital921.com\/index.php?rest_route=\/wp\/v2\/media\/5800"}],"wp:attachment":[{"href":"https:\/\/capital921.com\/index.php?rest_route=%2Fwp%2Fv2%2Fmedia&parent=5798"}],"wp:term":[{"taxonomy":"category","embeddable":true,"href":"https:\/\/capital921.com\/index.php?rest_route=%2Fwp%2Fv2%2Fcategories&post=5798"},{"taxonomy":"post_tag","embeddable":true,"href":"https:\/\/capital921.com\/index.php?rest_route=%2Fwp%2Fv2%2Ftags&post=5798"}],"curies":[{"name":"wp","href":"https:\/\/api.w.org\/{rel}","templated":true}]}}