{"id":5764,"date":"2023-08-09T17:08:41","date_gmt":"2023-08-09T15:08:41","guid":{"rendered":"https:\/\/capital921.com\/?p=5764"},"modified":"2023-08-09T17:11:29","modified_gmt":"2023-08-09T15:11:29","slug":"murtaja-afrikane-e-derrit-alarmon-banoret-autoritetet-vendore-dhe-nderkombetare","status":"publish","type":"post","link":"https:\/\/capital921.com\/?p=5764","title":{"rendered":"\u201cMurtaja Afrikane e Derrit\u201d alarmon banor\u00ebt, autoritetet vendore dhe nd\u00ebrkomb\u00ebtare"},"content":{"rendered":"<p><strong>Banor\u00ebt e Komun\u00ebs s\u00eb Kllokotit, raporton Capital FM, kan\u00eb paraqitur shqet\u00ebsimet e tyre p\u00ebr vend-lokacionet e asgj\u00ebsimeve t\u00eb kafsh\u00ebve me rezultat pozitiv t\u00eb s\u00ebmundjes MAD. S\u00ebmundja e k\u00ebtyre kafsh\u00ebve po shihet mjaft serioze edhe nga ana e autoriteteve vendore dhe nd\u00ebrkomb\u00ebtare.<\/strong><\/p>\n<p>KFORI, zyrtar\u00ebt komunal\u00eb t\u00eb Kllokotit u tubuan n\u00eb nj\u00eb takim me AUV-in dhe diskutuan p\u00ebr situat\u00ebn alarmante me s\u00ebmundjen \u201cMurtaja Afrikane e Derrit\u201d (MAD).<\/p>\n<p>P\u00ebrfaq\u00ebsuesit e KFORit, sipas AUV-it, e vler\u00ebsuan takimin si shum\u00eb frytdh\u00ebn\u00ebs n\u00eb marrje t\u00eb informatave mbi situat\u00ebn. KFORI, n\u00eb takim, ka shprehur \u00a0gatishm\u00ebrin\u00eb n\u00eb p\u00ebrkrahje t\u00eb siguris\u00eb s\u00eb p\u00ebrgjithshme publike.<\/p>\n<p><strong>Postimi i plot\u00eb i AUV-it (pa nd\u00ebrhyrje):<\/strong><\/p>\n<blockquote><p>KFOR-i dhe zyrtar\u00ebt e Komun\u00ebs s\u00eb Kllokotit takohen me AUV-n\u00eb p\u00ebr situat\u00ebn me s\u00ebmundjen Murtaja Afrikane e Derrit<\/p>\n<p>Sot, n\u00eb Agjencin\u00eb e Ushqimit dhe Veterinaris\u00eb, u mbajt takim me KFOR-in Amerikan dhe zyrtar\u00ebt e komun\u00ebs s\u00eb Kllokotit. P\u00ebr t\u00eb diskutuar mbi \u00e7\u00ebshtjen e vend-groposjes s\u00eb kafsh\u00ebve t\u00eb asgj\u00ebsuar si pasoj\u00eb e s\u00ebmundjes Murtaja Afrikane e Derrit. Pas nj\u00eb rezymeje mbi veprimet e deritanishme t\u00eb autoriteteve p\u00ebr t\u00eb parandaluar p\u00ebrhapjen e s\u00ebmundjes MAD, nga dita e konfirmimit t\u00eb prezenc\u00ebs se s\u00ebmundjes. U hap diskutimi mbi shqet\u00ebsimet e banor\u00ebve p\u00ebr vend-lokacionet e asgj\u00ebsimeve t\u00eb kafsh\u00ebve qe kan\u00eb rezultuar pozitiv n\u00eb s\u00ebmundje. P\u00ebr t\u00eb cilat u prezantua baza ligjore se \u00ebsht\u00eb p\u00ebrgjegj\u00ebsi e nivelit lokal p\u00ebr caktim t\u00eb varrezave t\u00eb kafsh\u00ebve. Jo vet\u00ebm n\u00eb paraqitje t\u00eb k\u00ebsaj s\u00ebmundje por edhe p\u00ebr raste tjera t\u00eb s\u00ebmundjeve.<\/p>\n<p>Drejtori Ekzekutiv i AUV-s\u00eb z. Bekim Hoxha, u\u2019a prezantoj t\u00eb pranishmeve q\u00ebndrimin zyrtar, profesional t\u00eb ekspert\u00ebve. I cili \u00ebsht\u00eb nxjerr\u00eb edhe n\u00eb takimin e fundit t\u00eb Shtabit t\u00eb Kriz\u00ebs t\u00eb dat\u00ebs 08.08.2023. I mbajtur me prezenc\u00ebn e EULEX-it. Ai u tha t\u00eb pranishmeve: \u00cbsht\u00eb e rrezikshme p\u00ebr p\u00ebrhapje t\u00eb s\u00ebmundjes zhvarrosja-eksumimi i trupave t\u00eb derrave t\u00eb groposur. E gjith\u00eb zona p\u00ebrreth dy lokacioneve nga t\u00eb cilat k\u00ebrkohet heqja e kafsh\u00ebve t\u00eb asgj\u00ebsuara do ti ekspozohet rrezikut p\u00ebr infektim t\u00eb fermave. Ai tutje shtoj se s\u00ebmundja nuk p\u00ebrhapet nga ajri, por \u00e7far\u00ebdo kontakti me kafsh\u00ebt e infektuara dhe pajisjet n\u00eb kontakt me to mund ta p\u00ebrhapin s\u00ebmundjen. Andaj n\u00eb cil\u00ebsin\u00eb e drejtuesit t\u00eb autoriteti me t\u00eb lart\u00eb veterinar\u00eb n\u00eb vend. Nuk e rekomandojm\u00eb dhe e konsiderojm\u00eb si t\u00eb rreziksh\u00ebm p\u00ebr p\u00ebrhapje t\u00eb s\u00ebmundjes MAD.<\/p>\n<p>AUV p\u00ebrmes Drejtorit Ekzekutiv z. Hoxha dhe Drejtorit t\u00eb Sh\u00ebndetit dhe Mir\u00ebqenies se Kafsh\u00ebve z. Sadik Heta ua prezantuan argumentet p\u00ebr t\u00eb vazhduar pun\u00ebn n\u00eb luft\u00eb me ket\u00eb s\u00ebmundje t\u00eb rrezikshme p\u00ebr Derra. S\u00ebmundja ka p\u00ebrhapje t\u00eb shpejt dhe t\u00eb leht\u00eb p\u00ebrmes \u00e7do kontakti. Andaj secila ferm\u00eb qe ka shenja klinike duhet t\u00eb diagnostikohet shpejt\u00eb. Asgj\u00ebsimi duhet t\u00eb ndodh menj\u00ebher\u00eb n\u00eb lokacion sa me t\u00eb af\u00ebrt me ferm\u00ebn. Praktika nd\u00ebrkomb\u00ebtare p\u00ebr luftim t\u00eb k\u00ebsaj s\u00ebmundje rekomandon qe asgj\u00ebsimi t\u00eb behet brenda ferm\u00ebs. Po ashtu veprim ky i cili \u00ebsht\u00eb vler\u00ebsuar se nuk paraqet rrezik p\u00ebr sh\u00ebndet publik. Ne an\u00ebn tjet\u00ebr t\u00eb p\u00ebrballur me situat\u00ebn ku fermat n\u00eb Kllokot jan\u00eb t\u00eb vogla. Nuk kan\u00eb hap\u00ebsira brenda oborreve p\u00ebr groposje. Uj\u00ebrat n\u00ebntok\u00ebsore jan\u00eb n\u00eb nivel t\u00eb ceket. P\u00ebr ket\u00eb shkak ishte i pamundur asgj\u00ebsimi brenda fermave (oborreve). Andaj komuna duhet t\u00eb siguroj lokacionin me t\u00eb af\u00ebrt p\u00ebr asgj\u00ebsim. AUV nuk do t\u00eb kthehet mbrapa. Lufta kund\u00ebr s\u00ebmundjes MAD do t\u00eb vazhdoj. Mbrojtja e sh\u00ebndetit t\u00eb kafsh\u00ebve dhe ekonomive familjare dhe e shtetit nuk ka alternativ\u00eb.<\/p>\n<p>P\u00ebrfaq\u00ebsuesit e KFOR e vler\u00ebsuan takimin si shum\u00eb frytdh\u00ebn\u00ebs n\u00eb marrje t\u00eb informata mbi situat\u00ebn. Jan\u00eb t\u00eb gatsh\u00ebm t\u00eb ofrojn\u00eb mb\u00ebshtetje p\u00ebr sigurin\u00eb e p\u00ebrgjithshme publike. Tregun p\u00ebr takimin e mbajtur me organet komunale t\u00eb Kllokotit bashk\u00eb me ekspertin e uj\u00ebrave dhe at\u00eb veterinar\u00eb. N\u00eb kohen qe do t\u00eb ken\u00eb nj\u00eb opinion t\u00eb sakt\u00eb do ta ndajn\u00eb me pal\u00ebt. N\u00eb an\u00ebn tjet\u00ebr organet lokale prezantuan presionet e banoreve nga dy komunitetet ai shqiptar dhe serb p\u00ebr pak\u00ebnaq\u00ebsit\u00eb rreth lokacioneve t\u00eb groposjes. K\u00ebrkuan qe nga dy prej tyre t\u00eb b\u00ebhet zhvarrosja. Por qe AUV ua rikonfirmoj\u00eb se ne situat\u00ebn qe jemi nuk mund ta mb\u00ebshtesin ket\u00eb veprim. N\u00ebse merrni ndonj\u00eb rekomandim profesional p\u00ebr rrezikim t\u00eb ambientit. AUV do t\u00eb b\u00ebj\u00eb vet\u00ebm mbik\u00ebqyrje t\u00eb respektimit t\u00eb masave t\u00eb biosiguris\u00eb. \/<em><strong>CFM<\/strong><\/em>\/<\/p><\/blockquote>\n","protected":false},"excerpt":{"rendered":"<p>Banor\u00ebt e Komun\u00ebs s\u00eb Kllokotit, raporton Capital FM, kan\u00eb paraqitur shqet\u00ebsimet e tyre p\u00ebr vend-lokacionet e asgj\u00ebsimeve t\u00eb kafsh\u00ebve me rezultat pozitiv t\u00eb s\u00ebmundjes MAD. S\u00ebmundja e k\u00ebtyre kafsh\u00ebve po shihet mjaft serioze edhe nga ana e autoriteteve vendore dhe nd\u00ebrkomb\u00ebtare. KFORI, zyrtar\u00ebt komunal\u00eb t\u00eb Kllokotit u tubuan n\u00eb nj\u00eb takim me AUV-in dhe diskutuan [&hellip;]<\/p>\n","protected":false},"author":7,"featured_media":5765,"comment_status":"open","ping_status":"closed","sticky":false,"template":"","format":"standard","meta":{"om_disable_all_campaigns":false,"_monsterinsights_skip_tracking":false,"_monsterinsights_sitenote_active":false,"_monsterinsights_sitenote_note":"","_monsterinsights_sitenote_category":0,"footnotes":""},"categories":[356],"tags":[211,494,116,492,493,495],"class_list":["post-5764","post","type-post","status-publish","format-standard","has-post-thumbnail","hentry","category-komuna","tag-auv","tag-bekim-hoxha","tag-kfor","tag-komuna-e-kllokotit","tag-mad","tag-sadik-heta"],"aioseo_notices":[],"_links":{"self":[{"href":"https:\/\/capital921.com\/index.php?rest_route=\/wp\/v2\/posts\/5764","targetHints":{"allow":["GET"]}}],"collection":[{"href":"https:\/\/capital921.com\/index.php?rest_route=\/wp\/v2\/posts"}],"about":[{"href":"https:\/\/capital921.com\/index.php?rest_route=\/wp\/v2\/types\/post"}],"author":[{"embeddable":true,"href":"https:\/\/capital921.com\/index.php?rest_route=\/wp\/v2\/users\/7"}],"replies":[{"embeddable":true,"href":"https:\/\/capital921.com\/index.php?rest_route=%2Fwp%2Fv2%2Fcomments&post=5764"}],"version-history":[{"count":2,"href":"https:\/\/capital921.com\/index.php?rest_route=\/wp\/v2\/posts\/5764\/revisions"}],"predecessor-version":[{"id":5767,"href":"https:\/\/capital921.com\/index.php?rest_route=\/wp\/v2\/posts\/5764\/revisions\/5767"}],"wp:featuredmedia":[{"embeddable":true,"href":"https:\/\/capital921.com\/index.php?rest_route=\/wp\/v2\/media\/5765"}],"wp:attachment":[{"href":"https:\/\/capital921.com\/index.php?rest_route=%2Fwp%2Fv2%2Fmedia&parent=5764"}],"wp:term":[{"taxonomy":"category","embeddable":true,"href":"https:\/\/capital921.com\/index.php?rest_route=%2Fwp%2Fv2%2Fcategories&post=5764"},{"taxonomy":"post_tag","embeddable":true,"href":"https:\/\/capital921.com\/index.php?rest_route=%2Fwp%2Fv2%2Ftags&post=5764"}],"curies":[{"name":"wp","href":"https:\/\/api.w.org\/{rel}","templated":true}]}}