{"id":5709,"date":"2023-08-04T09:34:47","date_gmt":"2023-08-04T07:34:47","guid":{"rendered":"https:\/\/capital921.com\/?p=5709"},"modified":"2023-08-04T09:35:31","modified_gmt":"2023-08-04T07:35:31","slug":"kerkohet-ndeshkim-maksimal-per-te-akuzuarit-dhe-drejtesi-per-marigonen-ne-tubimin-qe-do-te-mbahet-sot-ne-ferizaj","status":"publish","type":"post","link":"https:\/\/capital921.com\/?p=5709","title":{"rendered":"Do t\u00eb k\u00ebrkohet nd\u00ebshkim maksimal p\u00ebr t\u00eb akuzuarit dhe drejt\u00ebsi p\u00ebr Marigon\u00ebn, n\u00eb tubimin q\u00eb do t\u00eb mbahet sot n\u00eb Ferizaj"},"content":{"rendered":"<p><strong>Sot pritet t\u00eb mbahet seanca p\u00ebrfundimtare ku do t\u00eb shpallet aktgjykimi ndaj dy Dardan Krivaq\u00ebs dhe Arb\u00ebr Sejdiu, t\u00eb akuzuar p\u00ebr vrasjen e Marigona Osmanit.<\/strong><\/p>\n<p>P\u00ebrmes nj\u00eb komunikate p\u00ebr media, Kolektivi p\u00ebr Mendim dhe Veprim Feminist ka paralajm\u00ebruar tubim para Gjykat\u00ebs Themelore n\u00eb Ferizaj, ku do t\u00eb k\u00ebrkohet drejt\u00ebsi p\u00ebr Marigon\u00ebn dhe nd\u00ebshkim maksimal p\u00ebr dy t\u00eb akuzuarit.<\/p>\n<p>\u201cK\u00ebt\u00eb t\u00eb premte mbahet seanca p\u00ebrfundimtare ndaj Dardan Krivaq\u00ebs dhe Arb\u00ebr Sejdiut, t\u00eb akuzuar p\u00ebr vrasjen e Marigona Osmanit. P\u00ebr t\u2019u siguruar q\u00eb k\u00ebrkesa jon\u00eb p\u00ebr drejt\u00ebsi t\u00eb jehoj\u00eb edhe t\u00eb premt\u00ebn para Gjykat\u00ebs Themelore n\u00eb Ferizaj, ne mblidhemi nga ora 10:30 para dyerve t\u00eb Gjykat\u00ebs p\u00ebr t\u00eb k\u00ebrkuar drejt\u00ebsi p\u00ebr Marigon\u00ebn dhe nd\u00ebshkim maksimal p\u00ebr vras\u00ebsit\u201d, thuhet n\u00eb komunikat\u00eb.<\/p>\n<p>Nisja nga Prishtina b\u00ebhet n\u00eb m\u00ebnyr\u00eb t\u00eb organizuar n\u00eb or\u00ebn 09:30 nga pompa e benzin\u00ebs te rrethi i flamurit dhe sipas njoftimit t\u00eb gjith\u00eb ata q\u00eb d\u00ebshirojn\u00eb t\u00eb bashk\u00ebngjiten mund t\u00eb kontaktojn\u00eb organizat\u00ebn.<\/p>\n<p>Sipas aktakuz\u00ebs, m\u00eb 22 gusht 2021, n\u00eb banes\u00ebn e t\u00eb pandehurit Dardan Krivaqa, n\u00eb rrug\u00ebn \u201cRamadan \u201cRexhepi\u201d, n\u00eb Ferizaj, me dashje dhe n\u00eb bashk\u00ebkryerje, me q\u00ebllim t\u00eb fshehjes s\u00eb vepr\u00ebs penale dhunimi e Krivaqa e ka privuar nga jeta tani t\u00eb ndjer\u00ebn Marigona Osmani, me t\u00eb cil\u00ebn ai ishte n\u00eb bashk\u00ebsi jasht\u00ebmartesore. \/<em><strong>CFM<\/strong><\/em>\/<\/p>\n","protected":false},"excerpt":{"rendered":"<p>Sot pritet t\u00eb mbahet seanca p\u00ebrfundimtare ku do t\u00eb shpallet aktgjykimi ndaj dy Dardan Krivaq\u00ebs dhe Arb\u00ebr Sejdiu, t\u00eb akuzuar p\u00ebr vrasjen e Marigona Osmanit. P\u00ebrmes nj\u00eb komunikate p\u00ebr media, Kolektivi p\u00ebr Mendim dhe Veprim Feminist ka paralajm\u00ebruar tubim para Gjykat\u00ebs Themelore n\u00eb Ferizaj, ku do t\u00eb k\u00ebrkohet drejt\u00ebsi p\u00ebr Marigon\u00ebn dhe nd\u00ebshkim maksimal p\u00ebr [&hellip;]<\/p>\n","protected":false},"author":7,"featured_media":5710,"comment_status":"open","ping_status":"closed","sticky":false,"template":"","format":"standard","meta":{"om_disable_all_campaigns":false,"_monsterinsights_skip_tracking":false,"_monsterinsights_sitenote_active":false,"_monsterinsights_sitenote_note":"","_monsterinsights_sitenote_category":0,"footnotes":""},"categories":[123],"tags":[462,461,464,463],"class_list":["post-5709","post","type-post","status-publish","format-standard","has-post-thumbnail","hentry","category-lajme","tag-arber-sejdiu","tag-dardan-krivaqa","tag-gjykates-themelore-ne-ferizaj","tag-marigona-osmani"],"aioseo_notices":[],"_links":{"self":[{"href":"https:\/\/capital921.com\/index.php?rest_route=\/wp\/v2\/posts\/5709","targetHints":{"allow":["GET"]}}],"collection":[{"href":"https:\/\/capital921.com\/index.php?rest_route=\/wp\/v2\/posts"}],"about":[{"href":"https:\/\/capital921.com\/index.php?rest_route=\/wp\/v2\/types\/post"}],"author":[{"embeddable":true,"href":"https:\/\/capital921.com\/index.php?rest_route=\/wp\/v2\/users\/7"}],"replies":[{"embeddable":true,"href":"https:\/\/capital921.com\/index.php?rest_route=%2Fwp%2Fv2%2Fcomments&post=5709"}],"version-history":[{"count":2,"href":"https:\/\/capital921.com\/index.php?rest_route=\/wp\/v2\/posts\/5709\/revisions"}],"predecessor-version":[{"id":5712,"href":"https:\/\/capital921.com\/index.php?rest_route=\/wp\/v2\/posts\/5709\/revisions\/5712"}],"wp:featuredmedia":[{"embeddable":true,"href":"https:\/\/capital921.com\/index.php?rest_route=\/wp\/v2\/media\/5710"}],"wp:attachment":[{"href":"https:\/\/capital921.com\/index.php?rest_route=%2Fwp%2Fv2%2Fmedia&parent=5709"}],"wp:term":[{"taxonomy":"category","embeddable":true,"href":"https:\/\/capital921.com\/index.php?rest_route=%2Fwp%2Fv2%2Fcategories&post=5709"},{"taxonomy":"post_tag","embeddable":true,"href":"https:\/\/capital921.com\/index.php?rest_route=%2Fwp%2Fv2%2Ftags&post=5709"}],"curies":[{"name":"wp","href":"https:\/\/api.w.org\/{rel}","templated":true}]}}