{"id":5699,"date":"2023-08-03T15:14:49","date_gmt":"2023-08-03T13:14:49","guid":{"rendered":"https:\/\/capital921.com\/?p=5699"},"modified":"2023-08-03T15:14:49","modified_gmt":"2023-08-03T13:14:49","slug":"neser-do-te-filloje-zvogelimi-i-pjesetareve-te-policise-ne-veri","status":"publish","type":"post","link":"https:\/\/capital921.com\/?p=5699","title":{"rendered":"Nes\u00ebr do t\u00eb filloj\u00eb zvog\u00eblimi i pjes\u00ebtar\u00ebve t\u00eb policis\u00eb n\u00eb veri"},"content":{"rendered":"<p><strong>Nga nes\u00ebr, e premte, fillon zvog\u00eblimi i pjes\u00ebtar\u00ebve t\u00eb Policis\u00eb s\u00eb Kosov\u00ebs p\u00ebr 25 p\u00ebr qind, n\u00eb dhe p\u00ebrreth objekteve komunale n\u00eb veri.<\/strong><\/p>\n<p>K\u00ebt\u00eb Policia e Kosov\u00ebs e ka b\u00ebr\u00eb t\u00eb ditur p\u00ebrmes nj\u00eb komunikate p\u00ebr media pas nj\u00eb takimi punues q\u00eb ka zhvilluar me EULEX-in dhe KFOR-in lidhur me vler\u00ebsimin e situat\u00ebs s\u00eb siguris\u00eb pjes\u00ebn veriore t\u00eb vendit.<\/p>\n<p>\u201cPolicia e Kosov\u00ebs n\u00eb vazhd\u00ebn e realizmit t\u00eb detyrave dhe autorizimeve t\u00eb saja kushtetuese dhe ligjore n\u00eb interes t\u00eb siguris\u00eb publike n\u00eb vend, si dhe me q\u00ebllim t\u00eb zbatimit t\u00eb dakordimeve t\u00eb arritura n\u00eb Bratisllav\u00eb me 10 korrik 2023, n\u00eb mes t\u00eb Bashkimit Evropian dhe Republik\u00ebs s\u00eb Kosov\u00ebs, sakt\u00ebsisht hapit dy t\u00eb k\u00ebtij dakordimi, me k\u00ebt\u00eb rast \u00ebsht\u00eb mbajtur takimi punues mes Policis\u00eb s\u00eb Kosov\u00ebs, EULEX dhe KFOR p\u00ebr vler\u00ebsim t\u00eb situat\u00ebs s\u00eb siguris\u00eb, n\u00eb dhe p\u00ebrreth nd\u00ebrtesave komunale t\u00eb komunave veriore\u201d, thuhet n\u00eb komunikat\u00ebn p\u00ebr media.<\/p>\n<p>Sipas vler\u00ebsimit t\u00eb p\u00ebrbashk\u00ebt, nga Policia e Kosov\u00ebs, EULEX dhe KFOR, situata e siguris\u00eb n\u00eb dhe rreth objekteve t\u00eb komunave veriore vler\u00ebsohet se \u00ebsht\u00eb e mir\u00eb.<\/p>\n<p>\u201cN\u00eb kuptim t\u00eb k\u00ebtij konstatimi t\u00eb p\u00ebrbashk\u00ebt, nga nes\u00ebr fillon zvog\u00eblimi i pjes\u00ebtar\u00ebve t\u00eb Policis\u00eb s\u00eb Kosov\u00ebs p\u00ebr 25%, n\u00eb dhe p\u00ebrreth objekteve komunale n\u00eb veri. Ekipet e Policis\u00eb s\u00eb Kosov\u00ebs bashk\u00eb me EULEX dhe KFOR, do t\u00eb vijojn\u00eb koordinimin dhe do t\u00eb nd\u00ebrmarrin veprimet e nevojshme sipas vler\u00ebsimit t\u00eb rregullt t\u00eb situat\u00ebs s\u00eb siguris\u00eb n\u00eb dhe p\u00ebrreth objekteve komunale, n\u00eb komunat veriore t\u00eb Republik\u00ebs se Kosov\u00ebs\u201d, b\u00ebhet e ditur tutje.<\/p>\n<p>Ndryshe, policia ka konfirmuar rreth tri jav\u00eb m\u00eb par\u00eb se\u00a0p\u00ebrfunduar t\u00ebrheqja e 25 p\u00ebr qind e zyrtar\u00ebve t\u00eb Policis\u00eb s\u00eb Kosov\u00ebs nga objektet komunale n\u00eb veri dhe zonat p\u00ebrreth tyre.<\/p>\n<p>\u201cPas pranimit t\u00eb vendimit t\u00eb Qeveris\u00eb nga ana e Menaxhmentit t\u00eb Policis\u00eb, i nj\u00ebjti \u00ebsht\u00eb d\u00ebrguar n\u00eb teren p\u00ebr ekzekutim. Vendimi i Qeveris\u00eb s\u00eb Kosov\u00ebs ka filluar t\u00eb implementohet dje dhe ka p\u00ebrfunduar sot\u201d, ka th\u00ebn\u00eb p\u00ebr Telegrafin z\u00ebvend\u00ebsdrejtori i Policis\u00eb p\u00ebr rajonin e veriut, Veton Elshani. \/<em><strong>CFM<\/strong><\/em>\/<\/p>\n","protected":false},"excerpt":{"rendered":"<p>Nga nes\u00ebr, e premte, fillon zvog\u00eblimi i pjes\u00ebtar\u00ebve t\u00eb Policis\u00eb s\u00eb Kosov\u00ebs p\u00ebr 25 p\u00ebr qind, n\u00eb dhe p\u00ebrreth objekteve komunale n\u00eb veri. K\u00ebt\u00eb Policia e Kosov\u00ebs e ka b\u00ebr\u00eb t\u00eb ditur p\u00ebrmes nj\u00eb komunikate p\u00ebr media pas nj\u00eb takimi punues q\u00eb ka zhvilluar me EULEX-in dhe KFOR-in lidhur me vler\u00ebsimin e situat\u00ebs s\u00eb siguris\u00eb [&hellip;]<\/p>\n","protected":false},"author":7,"featured_media":5700,"comment_status":"open","ping_status":"closed","sticky":false,"template":"","format":"standard","meta":{"om_disable_all_campaigns":false,"_monsterinsights_skip_tracking":false,"_monsterinsights_sitenote_active":false,"_monsterinsights_sitenote_note":"","_monsterinsights_sitenote_category":0,"footnotes":""},"categories":[123],"tags":[455,116,136,234],"class_list":["post-5699","post","type-post","status-publish","format-standard","has-post-thumbnail","hentry","category-lajme","tag-eulex","tag-kfor","tag-policia-e-kosoves","tag-veriu-i-kosoves"],"aioseo_notices":[],"_links":{"self":[{"href":"https:\/\/capital921.com\/index.php?rest_route=\/wp\/v2\/posts\/5699","targetHints":{"allow":["GET"]}}],"collection":[{"href":"https:\/\/capital921.com\/index.php?rest_route=\/wp\/v2\/posts"}],"about":[{"href":"https:\/\/capital921.com\/index.php?rest_route=\/wp\/v2\/types\/post"}],"author":[{"embeddable":true,"href":"https:\/\/capital921.com\/index.php?rest_route=\/wp\/v2\/users\/7"}],"replies":[{"embeddable":true,"href":"https:\/\/capital921.com\/index.php?rest_route=%2Fwp%2Fv2%2Fcomments&post=5699"}],"version-history":[{"count":1,"href":"https:\/\/capital921.com\/index.php?rest_route=\/wp\/v2\/posts\/5699\/revisions"}],"predecessor-version":[{"id":5701,"href":"https:\/\/capital921.com\/index.php?rest_route=\/wp\/v2\/posts\/5699\/revisions\/5701"}],"wp:featuredmedia":[{"embeddable":true,"href":"https:\/\/capital921.com\/index.php?rest_route=\/wp\/v2\/media\/5700"}],"wp:attachment":[{"href":"https:\/\/capital921.com\/index.php?rest_route=%2Fwp%2Fv2%2Fmedia&parent=5699"}],"wp:term":[{"taxonomy":"category","embeddable":true,"href":"https:\/\/capital921.com\/index.php?rest_route=%2Fwp%2Fv2%2Fcategories&post=5699"},{"taxonomy":"post_tag","embeddable":true,"href":"https:\/\/capital921.com\/index.php?rest_route=%2Fwp%2Fv2%2Ftags&post=5699"}],"curies":[{"name":"wp","href":"https:\/\/api.w.org\/{rel}","templated":true}]}}