{"id":5693,"date":"2023-08-03T15:05:35","date_gmt":"2023-08-03T13:05:35","guid":{"rendered":"https:\/\/capital921.com\/?p=5693"},"modified":"2023-08-03T15:05:35","modified_gmt":"2023-08-03T13:05:35","slug":"shefi-i-pdk-se-kushtetuesja-sapo-shpalli-antikushtetues-ligjin-per-zyrtaret-publike","status":"publish","type":"post","link":"https:\/\/capital921.com\/?p=5693","title":{"rendered":"Shefi i PDK-s\u00eb: Kushtetuesja sapo shpalli antikushtetues Ligjin p\u00ebr Zyrtar\u00ebt Publik\u00eb"},"content":{"rendered":"<p><strong>Shefi i Grupit Parlamentar t\u00eb PDK-s\u00eb, Abelard Tahiri, ka th\u00ebn\u00eb se Gjykata Kushtetuese e shpalli anti-kushtetues Ligjin p\u00ebr Zyrtar\u00ebt Publik\u00eb.<\/strong><\/p>\n<p>\u201cGjykata Kushtetuese e Republik\u00ebs s\u00eb Kosov\u00ebs sapo shpalli njoftimin se ka vendosur ndaj k\u00ebrkes\u00ebs s\u00eb Grupit Parlamentar t\u00eb PDK-s\u00eb p\u00ebr vler\u00ebsimin e kushtetutshm\u00ebris\u00eb s\u00eb Ligjit Nr.08\/L-197 p\u00ebr Zyrtar\u00ebt Publik\u00eb dhe t\u00eb nj\u00ebjtin ashtu si\u00e7 kemi argumentuar, e shpalli ANTI-KUSHTETUES\u201d, ka shkruar Tahiri.<\/p>\n<div class=\"related-to-article\">\n<div class=\"related-article-i\">\n<p>Ai ka shtuar se kjo \u00ebsht\u00eb edhe nj\u00eb d\u00ebshmi se angazhimi yn\u00eb p\u00ebr mbrojtjen e r\u00ebndit kushtetues dhe vlerave demokratike jo vet\u00ebm se \u00ebsht\u00eb i vlefsh\u00ebm por edhe i domosdosh\u00ebm.<\/p>\n<p>\u201cKy aktgjykim i Gjykat\u00ebs Kushtetuese, p\u00ebr t\u00eb shtat\u00ebn her\u00eb m\u00eb radh\u00eb konfirmon veprimtarin\u00eb dhe aktivitetin antikushtetues t\u00eb k\u00ebsaj qeverie dhe paraqet n\u00eb t\u00eb nj\u00ebjt\u00ebn koh\u00eb, goditje t\u00eb drejtp\u00ebrdrejt\u00eb t\u00eb tendencave dhe p\u00ebrpjekjeve t\u00eb pushtetit autokratik t\u00eb Albin Kurtit p\u00ebr t\u00eb kapur dhe n\u00ebnshtruar administrat\u00ebn shtet\u00ebrore dhe t\u00eb nj\u00ebjt\u00ebn t\u2019a kthej\u00eb n\u00eb qerdhe t\u00eb militanteve, familjar\u00ebve dhe partis\u00eb s\u00eb tij. Kjo \u00ebsht\u00eb fitore e radh\u00ebs e demokracis\u00eb dhe ju dedikohet t\u00eb gjith\u00eb qytetar\u00ebve tan\u00eb\u201d, ka shkruar Tahiri.<\/p>\n<p><strong>Postimi i plot\u00eb i Tahirit (pa nd\u00ebrhyrje):<\/strong><\/p>\n<div class=\"xdj266r x11i5rnm xat24cr x1mh8g0r x1vvkbs x126k92a\">\n<blockquote>\n<div dir=\"auto\">\n<div class=\"xdj266r x11i5rnm xat24cr x1mh8g0r x1vvkbs x126k92a\">\n<div dir=\"auto\">Gjykata Kushtetuese e Republik\u00ebs s\u00eb Kosov\u00ebs sapo shpalli njoftimin se ka vendosur ndaj k\u00ebrkes\u00ebs s\u00eb Grupit Parlamentar t\u00eb PDK-s\u00eb p\u00ebr vler\u00ebsimin e kushtetutshm\u00ebris\u00eb s\u00eb Ligjit Nr.08\/L-197 p\u00ebr Zyrtar\u00ebt Publik\u00eb dhe t\u00eb nj\u00ebjtin ashtu si\u00e7 kemi argumentuar, e shpalli ANTI-KUSHTETUES.<\/div>\n<\/div>\n<div class=\"x11i5rnm xat24cr x1mh8g0r x1vvkbs xtlvy1s x126k92a\">\n<div dir=\"auto\">Kjo \u00ebsht\u00eb edhe nj\u00eb d\u00ebshmi se angazhimi yn\u00eb p\u00ebr mbrojtjen e r\u00ebndit kushtetues dhe vlerave demokratike jo vet\u00ebm se \u00ebsht\u00eb i vlefsh\u00ebm por edhe i domosdosh\u00ebm.<\/div>\n<\/div>\n<div class=\"x11i5rnm xat24cr x1mh8g0r x1vvkbs xtlvy1s x126k92a\">\n<div dir=\"auto\">Ky aktgjykim i Gjykat\u00ebs Kushtetuese, p\u00ebr t\u00eb shtat\u00ebn her\u00eb m\u00eb radh\u00eb konfirmon veprimtarin\u00eb dhe aktivitetin antikushtetues t\u00eb k\u00ebsaj qeverie dhe paraqet n\u00eb t\u00eb nj\u00ebjt\u00ebn koh\u00eb, goditje t\u00eb drejtp\u00ebrdrejt\u00eb t\u00eb tendencave dhe p\u00ebrpjekjeve t\u00eb pushtetit autokratik t\u00eb Albin Kurtit p\u00ebr t\u00eb kapur dhe n\u00ebnshtruar administrat\u00ebn shtet\u00ebrore dhe t\u00eb nj\u00ebjt\u00ebn t\u2019a kthej\u00eb n\u00eb qerdhe t\u00eb militanteve, familjar\u00ebve dhe partis\u00eb s\u00eb tij.<\/div>\n<\/div>\n<div class=\"x11i5rnm xat24cr x1mh8g0r x1vvkbs xtlvy1s x126k92a\">\n<div dir=\"auto\">Kjo \u00ebsht\u00eb fitore e radh\u00ebs e demokracis\u00eb dhe ju dedikohet t\u00eb gjith\u00eb qytetar\u00ebve tan\u00eb.<\/div>\n<div dir=\"auto\"><\/div>\n<div dir=\"auto\">\/<em><strong>CFM<\/strong><\/em>\/<\/div>\n<\/div>\n<\/div>\n<\/blockquote>\n<\/div>\n<\/div>\n<\/div>\n","protected":false},"excerpt":{"rendered":"<p>Shefi i Grupit Parlamentar t\u00eb PDK-s\u00eb, Abelard Tahiri, ka th\u00ebn\u00eb se Gjykata Kushtetuese e shpalli anti-kushtetues Ligjin p\u00ebr Zyrtar\u00ebt Publik\u00eb. \u201cGjykata Kushtetuese e Republik\u00ebs s\u00eb Kosov\u00ebs sapo shpalli njoftimin se ka vendosur ndaj k\u00ebrkes\u00ebs s\u00eb Grupit Parlamentar t\u00eb PDK-s\u00eb p\u00ebr vler\u00ebsimin e kushtetutshm\u00ebris\u00eb s\u00eb Ligjit Nr.08\/L-197 p\u00ebr Zyrtar\u00ebt Publik\u00eb dhe t\u00eb nj\u00ebjtin ashtu si\u00e7 kemi [&hellip;]<\/p>\n","protected":false},"author":7,"featured_media":5696,"comment_status":"open","ping_status":"closed","sticky":false,"template":"","format":"standard","meta":{"om_disable_all_campaigns":false,"_monsterinsights_skip_tracking":false,"_monsterinsights_sitenote_active":false,"_monsterinsights_sitenote_note":"","_monsterinsights_sitenote_category":0,"footnotes":""},"categories":[123],"tags":[354,355,295],"class_list":["post-5693","post","type-post","status-publish","format-standard","has-post-thumbnail","hentry","category-lajme","tag-abelard-tahiri","tag-gjykata-kushtetuese","tag-pdk"],"aioseo_notices":[],"_links":{"self":[{"href":"https:\/\/capital921.com\/index.php?rest_route=\/wp\/v2\/posts\/5693","targetHints":{"allow":["GET"]}}],"collection":[{"href":"https:\/\/capital921.com\/index.php?rest_route=\/wp\/v2\/posts"}],"about":[{"href":"https:\/\/capital921.com\/index.php?rest_route=\/wp\/v2\/types\/post"}],"author":[{"embeddable":true,"href":"https:\/\/capital921.com\/index.php?rest_route=\/wp\/v2\/users\/7"}],"replies":[{"embeddable":true,"href":"https:\/\/capital921.com\/index.php?rest_route=%2Fwp%2Fv2%2Fcomments&post=5693"}],"version-history":[{"count":1,"href":"https:\/\/capital921.com\/index.php?rest_route=\/wp\/v2\/posts\/5693\/revisions"}],"predecessor-version":[{"id":5697,"href":"https:\/\/capital921.com\/index.php?rest_route=\/wp\/v2\/posts\/5693\/revisions\/5697"}],"wp:featuredmedia":[{"embeddable":true,"href":"https:\/\/capital921.com\/index.php?rest_route=\/wp\/v2\/media\/5696"}],"wp:attachment":[{"href":"https:\/\/capital921.com\/index.php?rest_route=%2Fwp%2Fv2%2Fmedia&parent=5693"}],"wp:term":[{"taxonomy":"category","embeddable":true,"href":"https:\/\/capital921.com\/index.php?rest_route=%2Fwp%2Fv2%2Fcategories&post=5693"},{"taxonomy":"post_tag","embeddable":true,"href":"https:\/\/capital921.com\/index.php?rest_route=%2Fwp%2Fv2%2Ftags&post=5693"}],"curies":[{"name":"wp","href":"https:\/\/api.w.org\/{rel}","templated":true}]}}