{"id":5567,"date":"2023-07-27T23:50:02","date_gmt":"2023-07-27T21:50:02","guid":{"rendered":"https:\/\/capital921.com\/?p=5567"},"modified":"2023-07-27T23:51:56","modified_gmt":"2023-07-27T21:51:56","slug":"bucet-kenga-ne-vushtrri-elita-5-mbush-sheshin-adem-jashari-me-mergimtare","status":"publish","type":"post","link":"https:\/\/capital921.com\/?p=5567","title":{"rendered":"Bu\u00e7et k\u00ebnga n\u00eb Vushtrri, ELITA 5 mbush sheshin &#8220;Adem Jashari&#8221; me m\u00ebrgimtar\u00eb"},"content":{"rendered":"<p>K\u00ebt\u00eb t\u00eb enjte, si\u00e7 raporton Capital FM, grupi i mir\u00ebnjohur i k\u00ebng\u00ebve t\u00eb shum\u00ebk\u00ebrkuara t\u00eb koh\u00ebs, ELITA 5, \u00ebsht\u00eb mir\u00ebpritur me entuziaz\u00ebm t\u00eb lart\u00eb n\u00eb Vushtrri teksa doli n\u00eb sken\u00eb t\u00eb paraqitej me nj\u00eb varg k\u00ebng\u00ebsh nga repertori i pasur i muzik\u00ebs s\u00eb tij.<\/p>\n<p>Ky Grup, n\u00eb sheshin \u201cAdem Jashari\u201d, af\u00ebr kalas\u00eb s\u00eb vjet\u00ebr t\u00eb qytetit antik, solli nj\u00eb atmosfer\u00eb t\u00eb paharrueshme p\u00ebr nj\u00eb num\u00ebr t\u00eb jasht\u00ebzakonsh\u00ebm t\u00eb m\u00ebrgimtar\u00ebve pjes\u00ebmarr\u00ebs n\u00eb k\u00ebt\u00eb organizim festiv. K\u00ebta t\u00eb fundit, raporton Capital FM, shoq\u00ebronin Grupin n\u00eb k\u00ebndim dhe duartrokisnin. Madje, me nostalgji, po i kujtonin edhe vargjet e k\u00ebng\u00ebve t\u00eb pavdekshme t\u00eb grupit muzikor. \/<em><strong>CFM<\/strong><\/em>\/<\/p>\n<p>&nbsp;<\/p>\n","protected":false},"excerpt":{"rendered":"<p>K\u00ebt\u00eb t\u00eb enjte, si\u00e7 raporton Capital FM, grupi i mir\u00ebnjohur i k\u00ebng\u00ebve t\u00eb shum\u00ebk\u00ebrkuara t\u00eb koh\u00ebs, ELITA 5, \u00ebsht\u00eb mir\u00ebpritur me entuziaz\u00ebm t\u00eb lart\u00eb n\u00eb Vushtrri teksa doli n\u00eb sken\u00eb t\u00eb paraqitej me nj\u00eb varg k\u00ebng\u00ebsh nga repertori i pasur i muzik\u00ebs s\u00eb tij. Ky Grup, n\u00eb sheshin \u201cAdem Jashari\u201d, af\u00ebr kalas\u00eb s\u00eb vjet\u00ebr t\u00eb [&hellip;]<\/p>\n","protected":false},"author":7,"featured_media":5568,"comment_status":"open","ping_status":"closed","sticky":false,"template":"","format":"standard","meta":{"om_disable_all_campaigns":false,"_monsterinsights_skip_tracking":false,"_monsterinsights_sitenote_active":false,"_monsterinsights_sitenote_note":"","_monsterinsights_sitenote_category":0,"footnotes":""},"categories":[403],"tags":[407,404,405,337,406],"class_list":["post-5567","post","type-post","status-publish","format-standard","has-post-thumbnail","hentry","category-diaspora","tag-atmosfere-e-zjarrte","tag-ditet-e-diaspores","tag-elita-5","tag-mergimtare","tag-vushtrri"],"aioseo_notices":[],"_links":{"self":[{"href":"https:\/\/capital921.com\/index.php?rest_route=\/wp\/v2\/posts\/5567","targetHints":{"allow":["GET"]}}],"collection":[{"href":"https:\/\/capital921.com\/index.php?rest_route=\/wp\/v2\/posts"}],"about":[{"href":"https:\/\/capital921.com\/index.php?rest_route=\/wp\/v2\/types\/post"}],"author":[{"embeddable":true,"href":"https:\/\/capital921.com\/index.php?rest_route=\/wp\/v2\/users\/7"}],"replies":[{"embeddable":true,"href":"https:\/\/capital921.com\/index.php?rest_route=%2Fwp%2Fv2%2Fcomments&post=5567"}],"version-history":[{"count":2,"href":"https:\/\/capital921.com\/index.php?rest_route=\/wp\/v2\/posts\/5567\/revisions"}],"predecessor-version":[{"id":5570,"href":"https:\/\/capital921.com\/index.php?rest_route=\/wp\/v2\/posts\/5567\/revisions\/5570"}],"wp:featuredmedia":[{"embeddable":true,"href":"https:\/\/capital921.com\/index.php?rest_route=\/wp\/v2\/media\/5568"}],"wp:attachment":[{"href":"https:\/\/capital921.com\/index.php?rest_route=%2Fwp%2Fv2%2Fmedia&parent=5567"}],"wp:term":[{"taxonomy":"category","embeddable":true,"href":"https:\/\/capital921.com\/index.php?rest_route=%2Fwp%2Fv2%2Fcategories&post=5567"},{"taxonomy":"post_tag","embeddable":true,"href":"https:\/\/capital921.com\/index.php?rest_route=%2Fwp%2Fv2%2Ftags&post=5567"}],"curies":[{"name":"wp","href":"https:\/\/api.w.org\/{rel}","templated":true}]}}