{"id":5537,"date":"2023-07-27T14:51:09","date_gmt":"2023-07-27T12:51:09","guid":{"rendered":"https:\/\/capital921.com\/?p=5537"},"modified":"2023-07-27T14:52:35","modified_gmt":"2023-07-27T12:52:35","slug":"tifozet-serbe-po-kerkojne-qe-ushtria-serbe-te-kthehet-ne-kosove-reagojne-bislimi-e-ceku","status":"publish","type":"post","link":"https:\/\/capital921.com\/?p=5537","title":{"rendered":"Tifoz\u00ebt serb\u00eb po k\u00ebrkojn\u00eb q\u00eb ushtria serbe t\u00eb kthehet n\u00eb Kosov\u00eb, vjen reagimi i Bislimit e i \u00c7ekut"},"content":{"rendered":"<p><strong>Tifoz\u00ebt e ekipit serb t\u00eb futbollit \u201cCrvena Zvezda\u201d, n\u00eb nj\u00eb ndeshje miq\u00ebsore t\u00eb mbajtur t\u00eb m\u00ebrkur\u00ebn ndaj ekipit italian Fiorentina, kan\u00eb b\u00ebr\u00eb thirrje q\u00eb ushtria serbe t\u00eb kthehet n\u00eb Kosov\u00eb.<\/strong><\/p>\n<p>Tifo-grupi \u201cDelije\u201d kan\u00eb paraqitur nj\u00eb tank si koreografi, nd\u00ebrsa e kan\u00eb shoq\u00ebruar me nj\u00eb shkrim ku thuhet: \u201cKur t\u00eb kthehet ushtria n\u00eb Kosov\u00eb\u201d.<\/p>\n<p>Ndaj k\u00ebtij veprimi ka reaguar z\u00ebvend\u00ebskryeministri i Kosov\u00ebs, Besnik Bislimi, i cili ka th\u00ebn\u00eb se k\u00ebta tifoz\u00eb po i p\u00ebr\u00e7ojn\u00eb mesazhet q\u00eb presidenti serb, Aleksandar Vu\u00e7iq, nuk mund ose nuk d\u00ebshiron t\u2019i thot\u00eb publikisht.<\/p>\n<p>\u201cE gjith\u00eb kjo nd\u00ebrkoh\u00eb q\u00eb edhe Vu\u00e7iq ishte i pranish\u00ebm n\u00eb tribuna. I gjith\u00eb aparati shtet\u00ebror \u00ebsht\u00eb nd\u00ebrtuar n\u00eb Serbi p\u00ebr median, sportin, artin, kultur\u00ebn, shkenc\u00ebn q\u00eb t\u00eb p\u00ebrdoren p\u00ebr mjete propagandistike dhe p\u00ebr t\u00eb nxitur dhun\u00ebn, terrorin, tensionet dhe luft\u00ebn\u201d.<\/p>\n<p>\u201cDelije shpesh d\u00ebrgon mesazhe q\u00eb Vu\u00e7iq nuk mund ose nuk d\u00ebshiron t\u2019i thot\u00eb publikisht. Ai ka nevoj\u00eb p\u00ebr akte t\u00eb tilla p\u00ebr t\u00eb ushqyer urrejtjen dhe nacionalizmin etnik n\u00eb opinionin publik\u201d, ka shkruar Bislimi n\u00eb Twitter.<\/p>\n<p><strong>Postimi i Bislimit:<\/strong><\/p>\n<blockquote><p>1\/3 Crvena Zvezda ultras supporters &#8220;Delije&#8221; showed a banner citing &#8220;When the army will go back to Kosovo&#8221; during a friendly game against italian club Fiorentina.<\/p><\/blockquote>\n<p>Ky veprim i tifoz\u00ebve t\u00eb ekipit serb t\u00eb futbollit, ka ndodhur n\u00eb minut\u00ebn e 12-t\u00eb dhe sekond\u00ebn e 44-t\u00eb, duke e nd\u00ebrlidhur at\u00eb me Rezolut\u00ebn 1244 t\u00eb KS t\u00eb OKB-s\u00eb.<\/p>\n<p>Lidhur me k\u00ebt\u00eb rast ka reaguar edhe ministri i Kultur\u00ebs, Rinis\u00eb dhe Sportit, Hajrulla \u00c7eku, i cili ka th\u00ebn\u00eb se Serbia po mobilizon tifoz\u00ebri p\u00ebr mesazhe lufte.<\/p>\n<p>Sipas tij, kjo koreografi tregon qartazi p\u00ebr mend\u00ebsin\u00eb e pandryshuar t\u00eb Serbis\u00eb.<\/p>\n<p>\u201cGrupi i tifozeris\u00eb \u2018Delije\u2019 mbr\u00ebm\u00eb ka shfaqur nj\u00eb koreografi ku shihet nj\u00eb tank i madh me sfondin e flamurit serb dhe me shkrimin n\u00ebn t\u00eb \u2018Kur t\u00eb kthehet ushtria n\u00eb Kosov\u00eb\u2019. Serbia edhe nj\u00eb her\u00eb tregoi q\u00eb nuk e kursen as sportin si platform\u00eb p\u00ebr promovimin e politik\u00ebs s\u00eb saj luft\u00ebnxit\u00ebse\u201d, ka shkruar \u00c7eku n\u00eb Facebook.<\/p>\n<p>Ai tutje ka th\u00ebn\u00eb se k\u00ebrc\u00ebnimet me luft\u00eb nga stadiumi i futbollit duhet t\u00eb kund\u00ebrshtohen nga organizatat nd\u00ebrkomb\u00ebtare t\u00eb futbollit, t\u00eb cilat i ka ftuar p\u00ebr marrjen e masave t\u00eb duhura nd\u00ebshkuese.<\/p>\n<p>\u201cK\u00ebto veprimeve t\u00eb Serbis\u00eb jan\u00eb t\u00eb papranueshme, andaj komuniteti nd\u00ebrkomb\u00ebtar nuk duhet t\u00eb q\u00ebndroj\u00eb n\u00eb heshtje\u201d, ka p\u00ebrfunduar ministri.<\/p>\n<p><strong>Postimi i \u00c7ekut:<\/strong><\/p>\n<div class=\"xdj266r x11i5rnm xat24cr x1mh8g0r x1vvkbs x126k92a\">\n<blockquote>\n<div dir=\"auto\">Serbia mobilizon tifoz\u00ebri p\u00ebr mesazhe lufte!<\/div>\n<\/blockquote>\n<\/div>\n<blockquote>\n<div class=\"x11i5rnm xat24cr x1mh8g0r x1vvkbs xtlvy1s x126k92a\">\n<div dir=\"auto\">Koreografia e organizuar n\u00eb ndeshjen miq\u00ebsore t\u00eb futbollit t\u00eb zhvilluar dje nd\u00ebrmjet \u201cYllit t\u00eb kuq\u201d dhe Fiorentin\u00ebs n\u00eb Beograd, tregon qartazi p\u00ebr mend\u00ebsin\u00eb e pandryshuar t\u00eb Serbis\u00eb.<\/div>\n<\/div>\n<div class=\"x11i5rnm xat24cr x1mh8g0r x1vvkbs xtlvy1s x126k92a\">\n<div dir=\"auto\">Grupi i tifozeris\u00eb \u201cDelije\u201d mbr\u00ebm\u00eb ka shfaqur nj\u00eb koreografi ku shihet nj\u00eb tank i madh me sfondin e flamurit serb dhe me shkrimin n\u00ebn t\u00eb \u201cKur t\u00eb kthehet ushtria n\u00eb Kosov\u00eb\u201d.<\/div>\n<\/div>\n<div class=\"x11i5rnm xat24cr x1mh8g0r x1vvkbs xtlvy1s x126k92a\">\n<div dir=\"auto\">Serbia edhe nj\u00eb her\u00eb tregoi q\u00eb nuk e kursen as sportin si platform\u00eb p\u00ebr promovimin e politik\u00ebs s\u00eb saj luft\u00ebnxit\u00ebse.<\/div>\n<\/div>\n<\/blockquote>\n<div class=\"x11i5rnm xat24cr x1mh8g0r x1vvkbs xtlvy1s x126k92a\">\n<blockquote>\n<div dir=\"auto\">K\u00ebrc\u00ebnimet me luft\u00eb nga stadiumi i futbollit duhet t\u00eb kund\u00ebrshtohen nga organizatat nd\u00ebrkomb\u00ebtare t\u00eb futbollit, t\u00eb cilat i ftojm\u00eb p\u00ebr marrjen e masave t\u00eb duhura nd\u00ebshkuese. K\u00ebto veprimeve t\u00eb Serbis\u00eb jan\u00eb t\u00eb papranueshme, andaj komuniteti nd\u00ebrkomb\u00ebtar nuk duhet t\u00eb q\u00ebndroj\u00eb n\u00eb heshtje.<\/div>\n<\/blockquote>\n<\/div>\n<p>\/<em><strong>CFM<\/strong><\/em>\/<\/p>\n","protected":false},"excerpt":{"rendered":"<p>Tifoz\u00ebt e ekipit serb t\u00eb futbollit \u201cCrvena Zvezda\u201d, n\u00eb nj\u00eb ndeshje miq\u00ebsore t\u00eb mbajtur t\u00eb m\u00ebrkur\u00ebn ndaj ekipit italian Fiorentina, kan\u00eb b\u00ebr\u00eb thirrje q\u00eb ushtria serbe t\u00eb kthehet n\u00eb Kosov\u00eb. Tifo-grupi \u201cDelije\u201d kan\u00eb paraqitur nj\u00eb tank si koreografi, nd\u00ebrsa e kan\u00eb shoq\u00ebruar me nj\u00eb shkrim ku thuhet: \u201cKur t\u00eb kthehet ushtria n\u00eb Kosov\u00eb\u201d. Ndaj k\u00ebtij [&hellip;]<\/p>\n","protected":false},"author":7,"featured_media":5540,"comment_status":"open","ping_status":"closed","sticky":false,"template":"","format":"standard","meta":{"om_disable_all_campaigns":false,"_monsterinsights_skip_tracking":false,"_monsterinsights_sitenote_active":false,"_monsterinsights_sitenote_note":"","_monsterinsights_sitenote_category":0,"footnotes":""},"categories":[123],"tags":[387,268,388,390,389],"class_list":["post-5537","post","type-post","status-publish","format-standard","has-post-thumbnail","hentry","category-lajme","tag-aleksandar-vuciq","tag-besnik-bislimi","tag-crvena-zvezda","tag-hajrulla-ceku","tag-ushtria-serbe"],"aioseo_notices":[],"_links":{"self":[{"href":"https:\/\/capital921.com\/index.php?rest_route=\/wp\/v2\/posts\/5537","targetHints":{"allow":["GET"]}}],"collection":[{"href":"https:\/\/capital921.com\/index.php?rest_route=\/wp\/v2\/posts"}],"about":[{"href":"https:\/\/capital921.com\/index.php?rest_route=\/wp\/v2\/types\/post"}],"author":[{"embeddable":true,"href":"https:\/\/capital921.com\/index.php?rest_route=\/wp\/v2\/users\/7"}],"replies":[{"embeddable":true,"href":"https:\/\/capital921.com\/index.php?rest_route=%2Fwp%2Fv2%2Fcomments&post=5537"}],"version-history":[{"count":3,"href":"https:\/\/capital921.com\/index.php?rest_route=\/wp\/v2\/posts\/5537\/revisions"}],"predecessor-version":[{"id":5544,"href":"https:\/\/capital921.com\/index.php?rest_route=\/wp\/v2\/posts\/5537\/revisions\/5544"}],"wp:featuredmedia":[{"embeddable":true,"href":"https:\/\/capital921.com\/index.php?rest_route=\/wp\/v2\/media\/5540"}],"wp:attachment":[{"href":"https:\/\/capital921.com\/index.php?rest_route=%2Fwp%2Fv2%2Fmedia&parent=5537"}],"wp:term":[{"taxonomy":"category","embeddable":true,"href":"https:\/\/capital921.com\/index.php?rest_route=%2Fwp%2Fv2%2Fcategories&post=5537"},{"taxonomy":"post_tag","embeddable":true,"href":"https:\/\/capital921.com\/index.php?rest_route=%2Fwp%2Fv2%2Ftags&post=5537"}],"curies":[{"name":"wp","href":"https:\/\/api.w.org\/{rel}","templated":true}]}}