{"id":5519,"date":"2023-07-25T14:19:58","date_gmt":"2023-07-25T12:19:58","guid":{"rendered":"https:\/\/capital921.com\/?p=5519"},"modified":"2023-07-25T14:19:58","modified_gmt":"2023-07-25T12:19:58","slug":"kusari-lila-kam-te-pergatitura-dy-kallezime-penale-njerin-ndaj-simiqit-dhe-tjetrin-ndaj-portalit-dhe-gazetarit-qe-ka-bere-publikimin-e-materialeve","status":"publish","type":"post","link":"https:\/\/capital921.com\/?p=5519","title":{"rendered":"Kusari-Lila: Kam t\u00eb p\u00ebrgatitura dy kall\u00ebzime penale, nj\u00ebrin ndaj Simiqit dhe tjetrin ndaj portalit dhe gazetarit q\u00eb ka b\u00ebr\u00eb publikimin e materialeve"},"content":{"rendered":"<p><strong>Shefja e Grupit Parlamentar t\u00eb L\u00ebvizjes Vet\u00ebvendosje, Mimoza Kusari-Lila tha sot pas mbledhjes s\u00eb Kryesis\u00eb se gjat\u00eb k\u00ebsaj jave do t\u00eb mbahen dy seanca plenare, t\u00eb fundit n\u00eb k\u00ebt\u00eb sesion.<\/strong><\/p>\n<p>Kusari-Lila, n\u00eb nj\u00eb konferenc\u00eb p\u00ebr gazetar\u00eb, pas mbledhjes s\u00eb Kryesis\u00eb, tha se kan\u00eb pasur nj\u00eb debat lidhur me incizimet, derisa tha se ka t\u00eb p\u00ebrgatitura dy kall\u00ebzime penale, nj\u00ebra ndaj ish-deputetit Sllavko Simiq dhe tjetra ndaj gazetarit dhe mediumit q\u00eb i ka publikuar.<\/p>\n<p>Shefja e Grupit parlamentar e L\u00ebvizjes Vet\u00ebvendosje i quajti t\u00eb jasht\u00ebligjshme k\u00ebto incizime, raportojn\u00eb portalet shqipe.<\/p>\n<p>\u201c\u2026Kishim nj\u00eb debat t\u00eb gjer\u00eb n\u00eb raport me incizimet e jasht\u00ebligjshme t\u00eb cilat kan\u00eb dal\u00eb dhe jan\u00eb t\u00eb edituara dhe i jam p\u00ebrgjigjur pyetjeve t\u00eb an\u00ebtar\u00ebve t\u00eb Kryesis\u00eb.\u00a0N\u00eb k\u00ebt\u00eb kontekst edhe n\u00eb krejt diskutimin e deritanish\u00ebm un\u00eb kam dh\u00ebn\u00eb intervista dhe nuk kam hezituar t\u00eb p\u00ebrgjigjem\u2026<\/p>\n<p>Ne konsiderojm\u00eb se seanca e Kuvendit do t\u00eb duhej t\u00eb jet\u00eb mbi agjend\u00ebn legjislative dhe projektligjet.<\/p>\n<p>Pyetjet q\u00eb kan\u00eb qen\u00eb dhe t\u00eb cilat m\u00eb shum\u00eb jan\u00eb t\u00eb natyr\u00ebs spekulative q\u00eb synojn\u00eb t\u00eb ken\u00eb manipulim politik e goditje politike besojm\u00eb se mund t\u00eb zhvillohen n\u00eb studiot televizive, si\u00e7 jan\u00eb zhvilluar deri tani\u201d, tha ajo.<\/p>\n<p>Sipas Kusarit-Lil\u00ebs opozita natyrisht e ka mund\u00ebsin\u00eb q\u00eb ta th\u00ebrras\u00eb seanc\u00eb t\u00eb ve\u00e7ant\u00eb.<\/p>\n<p>\u201c\u2026Nuk kan\u00eb qen\u00eb p\u00ebrgjime t\u00eb organeve t\u00eb drejt\u00ebsis\u00eb apo policis\u00eb p\u00ebr dyshime p\u00ebr ndonj\u00eb vep\u00ebr penale por incizime t\u00eb jasht\u00ebligjshme dhe t\u00eb edituara nga ata q\u00eb do t\u00eb bartin pasoja ligjore\u2026 Kam t\u00eb p\u00ebrgatitura dy kall\u00ebzime penale q\u00eb do t\u00eb dor\u00ebzohen brenda pak dit\u00ebve, nj\u00eb ndaj ish-deputetit Slavko Simiq dhe tjetri ndaj portalit dhe gazetarit q\u00eb ka b\u00ebr\u00eb publikimin dhe editimin e atyre materialeve\u201d, tha Kusari-Lila.<strong> \/<em>CFM<\/em>\/\u00a0<\/strong><\/p>\n","protected":false},"excerpt":{"rendered":"<p>Shefja e Grupit Parlamentar t\u00eb L\u00ebvizjes Vet\u00ebvendosje, Mimoza Kusari-Lila tha sot pas mbledhjes s\u00eb Kryesis\u00eb se gjat\u00eb k\u00ebsaj jave do t\u00eb mbahen dy seanca plenare, t\u00eb fundit n\u00eb k\u00ebt\u00eb sesion. Kusari-Lila, n\u00eb nj\u00eb konferenc\u00eb p\u00ebr gazetar\u00eb, pas mbledhjes s\u00eb Kryesis\u00eb, tha se kan\u00eb pasur nj\u00eb debat lidhur me incizimet, derisa tha se ka t\u00eb p\u00ebrgatitura [&hellip;]<\/p>\n","protected":false},"author":7,"featured_media":5520,"comment_status":"open","ping_status":"closed","sticky":false,"template":"","format":"standard","meta":{"om_disable_all_campaigns":false,"_monsterinsights_skip_tracking":false,"_monsterinsights_sitenote_active":false,"_monsterinsights_sitenote_note":"","_monsterinsights_sitenote_category":0,"footnotes":""},"categories":[123],"tags":[287,289,376],"class_list":["post-5519","post","type-post","status-publish","format-standard","has-post-thumbnail","hentry","category-lajme","tag-audio-incizimet","tag-mimoza-kusari-lila","tag-slavko-simiq"],"aioseo_notices":[],"_links":{"self":[{"href":"https:\/\/capital921.com\/index.php?rest_route=\/wp\/v2\/posts\/5519","targetHints":{"allow":["GET"]}}],"collection":[{"href":"https:\/\/capital921.com\/index.php?rest_route=\/wp\/v2\/posts"}],"about":[{"href":"https:\/\/capital921.com\/index.php?rest_route=\/wp\/v2\/types\/post"}],"author":[{"embeddable":true,"href":"https:\/\/capital921.com\/index.php?rest_route=\/wp\/v2\/users\/7"}],"replies":[{"embeddable":true,"href":"https:\/\/capital921.com\/index.php?rest_route=%2Fwp%2Fv2%2Fcomments&post=5519"}],"version-history":[{"count":1,"href":"https:\/\/capital921.com\/index.php?rest_route=\/wp\/v2\/posts\/5519\/revisions"}],"predecessor-version":[{"id":5521,"href":"https:\/\/capital921.com\/index.php?rest_route=\/wp\/v2\/posts\/5519\/revisions\/5521"}],"wp:featuredmedia":[{"embeddable":true,"href":"https:\/\/capital921.com\/index.php?rest_route=\/wp\/v2\/media\/5520"}],"wp:attachment":[{"href":"https:\/\/capital921.com\/index.php?rest_route=%2Fwp%2Fv2%2Fmedia&parent=5519"}],"wp:term":[{"taxonomy":"category","embeddable":true,"href":"https:\/\/capital921.com\/index.php?rest_route=%2Fwp%2Fv2%2Fcategories&post=5519"},{"taxonomy":"post_tag","embeddable":true,"href":"https:\/\/capital921.com\/index.php?rest_route=%2Fwp%2Fv2%2Ftags&post=5519"}],"curies":[{"name":"wp","href":"https:\/\/api.w.org\/{rel}","templated":true}]}}