{"id":5451,"date":"2023-07-18T17:38:39","date_gmt":"2023-07-18T15:38:39","guid":{"rendered":"https:\/\/capital921.com\/?p=5451"},"modified":"2023-07-18T17:38:39","modified_gmt":"2023-07-18T15:38:39","slug":"kurti-po-u-hapim-rruge-zgjedhjeve-te-parakohshme-ne-veri","status":"publish","type":"post","link":"https:\/\/capital921.com\/?p=5451","title":{"rendered":"Kurti: Po u hapim rrug\u00eb zgjedhjeve t\u00eb parakohshme n\u00eb veri"},"content":{"rendered":"<p><strong>Kryeministri i Kosov\u00ebs, Albin Kurti, ka folur p\u00ebr dakordimin p\u00ebr dep\u00ebrshkall\u00ebzimin e situat\u00ebs n\u00eb veri t\u00eb Kosov\u00ebs.<\/strong><\/p>\n<p>N\u00eb nj\u00eb shkrim n\u00eb Twitter, Kurti rip\u00ebrs\u00ebriti deklarimet p\u00ebr reduktimin e pranis\u00eb s\u00eb Policis\u00eb n\u00eb tri komunat veriore.<\/p>\n<p>Kryeministri tha se tani \u00ebsht\u00eb hapur rrug\u00eb p\u00ebr zgjedhjet e parakohshme dhe shtoi se ato po b\u00ebhen konform marr\u00ebveshjes n\u00eb Bratislav\u00eb.<\/p>\n<p>\u201cQ\u00eb nga java e kaluar, ne kemi reduktuar pranin\u00eb Policis\u00eb 25% n\u00eb tri komunat veriore. Tani po fillojm\u00eb t\u00eb hapim rrug\u00ebn p\u00ebr zgjedhje t\u00eb parakohshme n\u00eb veri. Po zbatojm\u00eb tashm\u00eb me mir\u00ebbesim marr\u00ebveshjen me BE-n\u00eb p\u00ebr de-p\u00ebrshkall\u00ebzimin e arritur n\u00eb Bratislav\u00eb\u201d, u shpreh Kurti.<\/p>\n<p>Q\u00eb nga fundi i majit, serb\u00ebt n\u00eb Zve\u00e7an, Leposaviq dhe Zubin Potok po kund\u00ebrshtojn\u00eb q\u00eb kryetar\u00ebt e rinj shqiptar\u00eb t\u00eb punojn\u00eb nga nd\u00ebrtesat komunale. Ata po ashtu po k\u00ebrkojn\u00eb t\u00ebrheqjen e nj\u00ebsive speciale t\u00eb Policis\u00eb s\u00eb Kosov\u00ebs nga veriu.<\/p>\n<p>Q\u00eb nga ajo koh\u00eb, n\u00eb veri jan\u00eb sh\u00ebnuar disa incidente me shok-bomba dhe granata dore si dhe m\u00eb 29 maj n\u00eb Zve\u00e7an protestuesit serb\u00eb jan\u00eb p\u00ebrleshur me pjes\u00ebtar\u00ebt e KFOR-it. Nga k\u00ebto p\u00ebrleshje kan\u00eb mbetur t\u00eb l\u00ebnduar dhjet\u00ebra persona nga t\u00eb dyja pal\u00ebt.<\/p>\n<p>Bashk\u00ebsia nd\u00ebrkomb\u00ebtare i ka k\u00ebrkuar Kosov\u00ebs dhe Serbis\u00eb t\u00eb nd\u00ebrmarrin hapa t\u00eb menj\u00ebhersh\u00ebm q\u00eb t\u00eb ulen tensionet n\u00eb veri. Kosov\u00ebs po i k\u00ebrkohet q\u00eb t\u00eb organizoj\u00eb zgjedhje t\u00eb reja n\u00eb kat\u00ebr komunat veriore, nd\u00ebrkaq Serbis\u00eb q\u00eb t\u00eb bind\u00eb serb\u00ebt q\u00eb t\u00eb marrin pjes\u00eb n\u00eb procesin zgjedhor.\/<strong><em>CFM<\/em><\/strong>\/<\/p>\n","protected":false},"excerpt":{"rendered":"<p>Kryeministri i Kosov\u00ebs, Albin Kurti, ka folur p\u00ebr dakordimin p\u00ebr dep\u00ebrshkall\u00ebzimin e situat\u00ebs n\u00eb veri t\u00eb Kosov\u00ebs. N\u00eb nj\u00eb shkrim n\u00eb Twitter, Kurti rip\u00ebrs\u00ebriti deklarimet p\u00ebr reduktimin e pranis\u00eb s\u00eb Policis\u00eb n\u00eb tri komunat veriore. Kryeministri tha se tani \u00ebsht\u00eb hapur rrug\u00eb p\u00ebr zgjedhjet e parakohshme dhe shtoi se ato po b\u00ebhen konform marr\u00ebveshjes n\u00eb [&hellip;]<\/p>\n","protected":false},"author":7,"featured_media":5452,"comment_status":"open","ping_status":"closed","sticky":false,"template":"","format":"standard","meta":{"om_disable_all_campaigns":false,"_monsterinsights_skip_tracking":false,"_monsterinsights_sitenote_active":false,"_monsterinsights_sitenote_note":"","_monsterinsights_sitenote_category":0,"footnotes":""},"categories":[123],"tags":[183,278,277,234,338],"class_list":["post-5451","post","type-post","status-publish","format-standard","has-post-thumbnail","hentry","category-lajme","tag-albin-kurti","tag-be","tag-qeveria-e-kosoves","tag-veriu-i-kosoves","tag-zgjedhjet-e-parakohshme-ne-veri"],"aioseo_notices":[],"_links":{"self":[{"href":"https:\/\/capital921.com\/index.php?rest_route=\/wp\/v2\/posts\/5451","targetHints":{"allow":["GET"]}}],"collection":[{"href":"https:\/\/capital921.com\/index.php?rest_route=\/wp\/v2\/posts"}],"about":[{"href":"https:\/\/capital921.com\/index.php?rest_route=\/wp\/v2\/types\/post"}],"author":[{"embeddable":true,"href":"https:\/\/capital921.com\/index.php?rest_route=\/wp\/v2\/users\/7"}],"replies":[{"embeddable":true,"href":"https:\/\/capital921.com\/index.php?rest_route=%2Fwp%2Fv2%2Fcomments&post=5451"}],"version-history":[{"count":1,"href":"https:\/\/capital921.com\/index.php?rest_route=\/wp\/v2\/posts\/5451\/revisions"}],"predecessor-version":[{"id":5453,"href":"https:\/\/capital921.com\/index.php?rest_route=\/wp\/v2\/posts\/5451\/revisions\/5453"}],"wp:featuredmedia":[{"embeddable":true,"href":"https:\/\/capital921.com\/index.php?rest_route=\/wp\/v2\/media\/5452"}],"wp:attachment":[{"href":"https:\/\/capital921.com\/index.php?rest_route=%2Fwp%2Fv2%2Fmedia&parent=5451"}],"wp:term":[{"taxonomy":"category","embeddable":true,"href":"https:\/\/capital921.com\/index.php?rest_route=%2Fwp%2Fv2%2Fcategories&post=5451"},{"taxonomy":"post_tag","embeddable":true,"href":"https:\/\/capital921.com\/index.php?rest_route=%2Fwp%2Fv2%2Ftags&post=5451"}],"curies":[{"name":"wp","href":"https:\/\/api.w.org\/{rel}","templated":true}]}}