{"id":5381,"date":"2023-07-14T21:00:32","date_gmt":"2023-07-14T19:00:32","guid":{"rendered":"https:\/\/capital921.com\/?p=5381"},"modified":"2023-07-14T21:00:32","modified_gmt":"2023-07-14T19:00:32","slug":"bashkimi-evropian-po-pret-qe-kosova-nepermes-disa-hapave-te-radhes-ti-heqe-masat-ndeshkuese","status":"publish","type":"post","link":"https:\/\/capital921.com\/?p=5381","title":{"rendered":"Bashkimi Evropian po pret q\u00eb Kosova n\u00ebp\u00ebrmes disa hapave t\u00eb radh\u00ebs t&#8217;i heq\u00eb masat nd\u00ebshkuese"},"content":{"rendered":"<p><strong>Heqja e masave nd\u00ebshkuese q\u00eb Bashkimi Evropian i ka vendosur Kosov\u00ebs do t\u00eb varet nga zbatimi i obligimeve q\u00eb ka marr\u00eb Prishtina dhe hapat e tjer\u00eb q\u00eb priten nga autoritetet n\u00eb Kosov\u00eb p\u00ebr vazhdimin e p\u00ebrpjekjeve p\u00ebr t\u00eb ulur tensionet n\u00eb veri, than\u00eb burimet diplomatike.<\/strong><\/p>\n<p>Sipas k\u00ebtyre burimeve, k\u00ebto hapa q\u00eb po nd\u00ebrmerr Kosova \u201cjan\u00eb hapa n\u00eb drejtim t\u00eb duhur\u201d, por n\u00eb BE presin q\u00eb t\u00eb shohin edhe hapa t\u00eb tjer\u00eb.<\/p>\n<p>\u201cMasat ndaj Kosov\u00ebs nuk ishin vendosur aq leht\u00eb, ato jan\u00eb t\u00eb kthyeshme dhe nuk do t\u00eb zgjasin asnj\u00eb dit\u00eb m\u00eb shum\u00eb se sa duhet. Por, p\u00ebr t\u00ebrheqjen e tyre duhet d\u00ebshmi se Kosova po i nd\u00ebrmerr t\u00eb gjitha hapat q\u00eb jan\u00eb k\u00ebrkuar nga ajo dhe p\u00ebr shkak t\u00eb s\u00eb cilave edhe ishin vendosur k\u00ebto masa\u201d, tha nj\u00eb burim n\u00eb BE p\u00ebr nj\u00ebr\u00ebn nga radiot tona.<\/p>\n<p>P\u00ebr shkak t\u00eb mosp\u00ebrmbushjes s\u00eb k\u00ebrkesave t\u00eb paraqitura nga blloku evropian, Brukseli n\u00eb fund t\u00eb qershorit nisi t\u00eb zbatonte disa masa nd\u00ebshkuese ndaj Kosov\u00ebs.<\/p>\n<p>Masat q\u00eb po zbaton BE-ja ndaj Kosov\u00ebs p\u00ebrfshijn\u00eb: pezullimin e p\u00ebrkohsh\u00ebm t\u00eb pun\u00ebs s\u00eb trupave t\u00eb krijuara n\u00eb baz\u00eb t\u00eb Marr\u00ebveshjes s\u00eb Stabilizim Asociimit (MSA), mosftes\u00ebn e Kosov\u00ebs n\u00eb takime t\u00eb nivelit t\u00eb lart\u00eb dhe pezullimin e vizitave dypal\u00ebshe, p\u00ebrve\u00e7 atyre q\u00eb p\u00ebrqendrohen n\u00eb adresimin e kriz\u00ebs n\u00eb veri t\u00eb Kosov\u00ebs n\u00eb kuad\u00ebr t\u00eb korniz\u00ebs s\u00eb dialogut t\u00eb leht\u00ebsuar nga BE-ja.<\/p>\n<p>Masat tjera p\u00ebrfshijn\u00eb edhe ndaljen e programimit t\u00eb fondeve p\u00ebr Kosov\u00ebn nga IPA 2024 (Instrumentet e Para-An\u00ebtar\u00ebsimit) si dhe propozimet e Kosov\u00ebs n\u00eb kuad\u00ebr t\u00eb Korniz\u00ebs s\u00eb Investimeve n\u00eb Ballkanin Per\u00ebndimor nuk jan\u00eb dor\u00ebzuar p\u00ebr shqyrtim nga bordi m\u00eb 29 dhe 30 qershor.<\/p>\n<p>Megjithat\u00eb, m\u00eb 10 korrik, Kosova dhe BE-ja kan\u00eb arritur pajtim p\u00ebr hapat e par\u00eb drejt shtensionimit t\u00eb situat\u00ebs n\u00eb veriun e Kosov\u00ebs, t\u00eb banuar me shumic\u00eb serbe.<\/p>\n<p><img fetchpriority=\"high\" decoding=\"async\" class=\"alignnone size-medium wp-image-5382\" src=\"https:\/\/capital921.com\/wp-content\/uploads\/2023\/07\/Hapi1-260x300.jpg\" alt=\"\" width=\"260\" height=\"300\" srcset=\"https:\/\/capital921.com\/wp-content\/uploads\/2023\/07\/Hapi1-260x300.jpg 260w, https:\/\/capital921.com\/wp-content\/uploads\/2023\/07\/Hapi1.jpg 631w\" sizes=\"(max-width: 260px) 100vw, 260px\" \/><\/p>\n<p>As n\u00eb BE nuk i jan\u00eb p\u00ebrgjigjur drejtp\u00ebrdrejt pyetjes n\u00ebse pajtimi i arritur me Kosov\u00ebn p\u00ebr shtensionimin e situat\u00ebs n\u00eb veri t\u00eb shtetit, do t\u00eb \u00e7oj\u00eb n\u00eb heqjen e masave nd\u00ebshkuese q\u00eb Brukseli ka vendosur ndaj Prishtin\u00ebs.<\/p>\n<p>Nj\u00eb z\u00ebdh\u00ebn\u00ebs i BE-s\u00eb tha p\u00ebr REL-in se \u201cnuk kemi asgj\u00eb p\u00ebr t\u00eb shtuar asaj q\u00eb p\u00ebrmes nj\u00eb postimi n\u00eb Twitter ka th\u00ebn\u00eb p\u00ebrfaq\u00ebsuesi i lart\u00eb p\u00ebr politik\u00eb t\u00eb jashtme dhe siguri, Josep Borrell, kur mir\u00ebpriti p\u00ebrkushtimin e Kosov\u00ebs dhe pret nga Kosova hapa t\u00eb tjer\u00eb pozitiv\u00eb p\u00ebr t\u00eb vazhduar avancimin n\u00eb k\u00ebt\u00eb drejtim\u201d.<\/p>\n<p>Borrell deklaroi m\u00eb 12 korrik se do t\u00eb vazhdoj\u00eb puna me Kosov\u00ebn dhe Serbin\u00eb n\u00eb kuad\u00ebr t\u00eb dialogut p\u00ebr normalizimin e raporteve.<\/p>\n<p>\u201cProcesi po vazhdon\u201d, tha z\u00ebdh\u00ebn\u00ebsi, duke kujtuar se i d\u00ebrguari i posa\u00e7\u00ebm i BE-s\u00eb p\u00ebr dialog, Miroslav Laj\u00e7ak, dhe z\u00ebvend\u00ebskryeministri i Kosov\u00ebs, Besnik Bislimi, jan\u00eb pajtuar p\u00ebr hapat e par\u00eb prioritar\u00eb n\u00eb tri fusha q\u00eb kishe k\u00ebrkuar BE-ja.<\/p>\n<p>\u201cKjo p\u00ebrfshin zvog\u00eblimin e menj\u00ebhersh\u00ebm t\u00eb pranis\u00eb s\u00eb policis\u00eb n\u00eb dhe rreth nd\u00ebrtesave t\u00eb komunave, kryerje t\u00eb vler\u00ebsimeve t\u00eb rregullta t\u00eb p\u00ebrbashk\u00ebta t\u00eb siguris\u00eb me EULEX-in dhe KFOR-in sipas nevoj\u00ebs, t\u00eb shqyrtohet mund\u00ebsia p\u00ebr zvog\u00eblim t\u00eb m\u00ebtejm\u00eb t\u00eb pranis\u00eb, t\u00eb mos b\u00ebhet asnj\u00eb l\u00ebvizje q\u00eb mund t\u00eb p\u00ebrshkall\u00ebzoj\u00eb situat\u00ebn dhe t\u00eb inkurajohen zgjedhjet e jasht\u00ebzakonshme, sikur edhe krijimi i baz\u00ebs ligjore p\u00ebr zgjedhje\u201c, tha z\u00ebdh\u00ebn\u00ebsi.<\/p>\n<p>Ai po ashtu konfirmoi se Laj\u00e7ak ka ftuar n\u00eb takim jav\u00ebn e ardhshme kryenegociator\u00ebt e Kosov\u00ebs dhe Serbis\u00eb p\u00ebr t\u00eb vazhduar diskutimet p\u00ebr zbatimin e Marr\u00ebveshjes drejt normalizimit t\u00eb raporteve.<\/p>\n<p>\u201cPresim q\u00eb pal\u00ebt t\u00eb pajtohen p\u00ebr hapat e radh\u00ebs t\u00eb cil\u00ebt do t\u00eb mund\u00ebsojn\u00eb nisjen e zbatimit t\u00eb plot\u00eb t\u00eb marr\u00ebveshjes, pa vonesa t\u00eb reja\u201d, tha z\u00ebdh\u00ebn\u00ebsi.<\/p>\n<p>Tensionet n\u00eb veri u rrit\u00ebn n\u00eb fund t\u00eb majit, kur kryetar\u00ebt e rinj shqiptar\u00eb n\u00eb veri, n\u00ebn p\u00ebrcjelljen e policis\u00eb, hyn\u00eb n\u00eb nd\u00ebrtesat komunale. Serb\u00ebt n\u00eb veri kan\u00eb protestuar duke k\u00ebrkuar t\u00ebrheqjen e kryetar\u00ebve dhe nj\u00ebsive speciale t\u00eb Policis\u00eb s\u00eb Kosov\u00ebs. \/<strong><em>CFM<\/em><\/strong>\/<\/p>\n<p>&nbsp;<\/p>\n","protected":false},"excerpt":{"rendered":"<p>Heqja e masave nd\u00ebshkuese q\u00eb Bashkimi Evropian i ka vendosur Kosov\u00ebs do t\u00eb varet nga zbatimi i obligimeve q\u00eb ka marr\u00eb Prishtina dhe hapat e tjer\u00eb q\u00eb priten nga autoritetet n\u00eb Kosov\u00eb p\u00ebr vazhdimin e p\u00ebrpjekjeve p\u00ebr t\u00eb ulur tensionet n\u00eb veri, than\u00eb burimet diplomatike. Sipas k\u00ebtyre burimeve, k\u00ebto hapa q\u00eb po nd\u00ebrmerr Kosova \u201cjan\u00eb [&hellip;]<\/p>\n","protected":false},"author":7,"featured_media":5383,"comment_status":"open","ping_status":"closed","sticky":false,"template":"","format":"standard","meta":{"om_disable_all_campaigns":false,"_monsterinsights_skip_tracking":false,"_monsterinsights_sitenote_active":false,"_monsterinsights_sitenote_note":"","_monsterinsights_sitenote_category":0,"footnotes":""},"categories":[123],"tags":[306,307,141,309,308],"class_list":["post-5381","post","type-post","status-publish","format-standard","has-post-thumbnail","hentry","category-lajme","tag-bashkimi-evropian","tag-komisioni-evropian","tag-kosova","tag-masat-ndeshkuese","tag-sanksionet"],"aioseo_notices":[],"_links":{"self":[{"href":"https:\/\/capital921.com\/index.php?rest_route=\/wp\/v2\/posts\/5381","targetHints":{"allow":["GET"]}}],"collection":[{"href":"https:\/\/capital921.com\/index.php?rest_route=\/wp\/v2\/posts"}],"about":[{"href":"https:\/\/capital921.com\/index.php?rest_route=\/wp\/v2\/types\/post"}],"author":[{"embeddable":true,"href":"https:\/\/capital921.com\/index.php?rest_route=\/wp\/v2\/users\/7"}],"replies":[{"embeddable":true,"href":"https:\/\/capital921.com\/index.php?rest_route=%2Fwp%2Fv2%2Fcomments&post=5381"}],"version-history":[{"count":1,"href":"https:\/\/capital921.com\/index.php?rest_route=\/wp\/v2\/posts\/5381\/revisions"}],"predecessor-version":[{"id":5384,"href":"https:\/\/capital921.com\/index.php?rest_route=\/wp\/v2\/posts\/5381\/revisions\/5384"}],"wp:featuredmedia":[{"embeddable":true,"href":"https:\/\/capital921.com\/index.php?rest_route=\/wp\/v2\/media\/5383"}],"wp:attachment":[{"href":"https:\/\/capital921.com\/index.php?rest_route=%2Fwp%2Fv2%2Fmedia&parent=5381"}],"wp:term":[{"taxonomy":"category","embeddable":true,"href":"https:\/\/capital921.com\/index.php?rest_route=%2Fwp%2Fv2%2Fcategories&post=5381"},{"taxonomy":"post_tag","embeddable":true,"href":"https:\/\/capital921.com\/index.php?rest_route=%2Fwp%2Fv2%2Ftags&post=5381"}],"curies":[{"name":"wp","href":"https:\/\/api.w.org\/{rel}","templated":true}]}}