{"id":5376,"date":"2023-07-14T20:49:26","date_gmt":"2023-07-14T18:49:26","guid":{"rendered":"https:\/\/capital921.com\/?p=5376"},"modified":"2023-07-14T20:50:52","modified_gmt":"2023-07-14T18:50:52","slug":"kanosi-nje-person-zyrtar-teksa-po-kryente-detyren-por-arrestohet-46-vjecari","status":"publish","type":"post","link":"https:\/\/capital921.com\/?p=5376","title":{"rendered":"Kanosi nj\u00eb person zyrtar teksa po kryente detyr\u00ebn, por arrestohet 46-vje\u00e7ari"},"content":{"rendered":"<p><strong>Nj\u00eb person \u00ebsht\u00eb arrestuar m\u00ebngjesin e k\u00ebsaj t\u00eb premteje nga hetuesit e stacionit policor Jugu, si i dyshuar p\u00ebr kanosje.<\/strong><\/p>\n<p>Policia njofton se i nj\u00ebjti dyshohet se rreth or\u00ebs 10:30 ka kanosur nj\u00eb person zyrtar gjat\u00eb kryerjes s\u00eb detyr\u00ebs.<\/p>\n<p>\u02baHetuesit policor\u00eb t\u00eb stacionit policor Jugu, kan\u00eb arrestuar nj\u00eb person t\u00eb dyshuar p\u00ebr nj\u00eb rast kanosjeje. Ngjarja ka ndodhur sot rreth or\u00ebs 10:30, me \u00e7\u2019 rast i dyshuari kishte kanosur nj\u00eb person zyrtar gjat\u00eb kryerjes s\u00eb detyr\u00ebs\u02ba, thuhet n\u00eb komunikat\u00ebn p\u00ebr media.<\/p>\n<p>Ndaj t\u00eb dyshuarit me inicialet \u200b\u200bI. K 46-vje\u00e7ar, shtetas i Republik\u00ebs s\u00eb Kosov\u00ebs, policia ka iniciuar nj\u00eb hetim n\u00eb drejtim t\u00eb vepr\u00ebs penale \u201cKanosja\u201d.<\/p>\n<p>Me aktvendim mbi ndalimin e personit t\u00eb dyshuar, t\u00eb nxjerr\u00eb nga ana e prokurorit t\u00eb shtetit, i nj\u00ebjti \u00ebsht\u00eb d\u00ebrguar n\u00eb mbajtje prej 48 or\u00ebsh. \/<strong><em>CFM<\/em><\/strong>\/<\/p>\n","protected":false},"excerpt":{"rendered":"<p>Nj\u00eb person \u00ebsht\u00eb arrestuar m\u00ebngjesin e k\u00ebsaj t\u00eb premteje nga hetuesit e stacionit policor Jugu, si i dyshuar p\u00ebr kanosje. Policia njofton se i nj\u00ebjti dyshohet se rreth or\u00ebs 10:30 ka kanosur nj\u00eb person zyrtar gjat\u00eb kryerjes s\u00eb detyr\u00ebs. \u02baHetuesit policor\u00eb t\u00eb stacionit policor Jugu, kan\u00eb arrestuar nj\u00eb person t\u00eb dyshuar p\u00ebr nj\u00eb rast kanosjeje. [&hellip;]<\/p>\n","protected":false},"author":7,"featured_media":5377,"comment_status":"open","ping_status":"closed","sticky":false,"template":"","format":"standard","meta":{"om_disable_all_campaigns":false,"_monsterinsights_skip_tracking":false,"_monsterinsights_sitenote_active":false,"_monsterinsights_sitenote_note":"","_monsterinsights_sitenote_category":0,"footnotes":""},"categories":[171],"tags":[305,136],"class_list":["post-5376","post","type-post","status-publish","format-standard","has-post-thumbnail","hentry","category-kronike-e-zeze","tag-kanosje","tag-policia-e-kosoves"],"aioseo_notices":[],"_links":{"self":[{"href":"https:\/\/capital921.com\/index.php?rest_route=\/wp\/v2\/posts\/5376","targetHints":{"allow":["GET"]}}],"collection":[{"href":"https:\/\/capital921.com\/index.php?rest_route=\/wp\/v2\/posts"}],"about":[{"href":"https:\/\/capital921.com\/index.php?rest_route=\/wp\/v2\/types\/post"}],"author":[{"embeddable":true,"href":"https:\/\/capital921.com\/index.php?rest_route=\/wp\/v2\/users\/7"}],"replies":[{"embeddable":true,"href":"https:\/\/capital921.com\/index.php?rest_route=%2Fwp%2Fv2%2Fcomments&post=5376"}],"version-history":[{"count":2,"href":"https:\/\/capital921.com\/index.php?rest_route=\/wp\/v2\/posts\/5376\/revisions"}],"predecessor-version":[{"id":5379,"href":"https:\/\/capital921.com\/index.php?rest_route=\/wp\/v2\/posts\/5376\/revisions\/5379"}],"wp:featuredmedia":[{"embeddable":true,"href":"https:\/\/capital921.com\/index.php?rest_route=\/wp\/v2\/media\/5377"}],"wp:attachment":[{"href":"https:\/\/capital921.com\/index.php?rest_route=%2Fwp%2Fv2%2Fmedia&parent=5376"}],"wp:term":[{"taxonomy":"category","embeddable":true,"href":"https:\/\/capital921.com\/index.php?rest_route=%2Fwp%2Fv2%2Fcategories&post=5376"},{"taxonomy":"post_tag","embeddable":true,"href":"https:\/\/capital921.com\/index.php?rest_route=%2Fwp%2Fv2%2Ftags&post=5376"}],"curies":[{"name":"wp","href":"https:\/\/api.w.org\/{rel}","templated":true}]}}