{"id":5372,"date":"2023-07-14T20:39:19","date_gmt":"2023-07-14T18:39:19","guid":{"rendered":"https:\/\/capital921.com\/?p=5372"},"modified":"2023-07-14T20:51:29","modified_gmt":"2023-07-14T18:51:29","slug":"refuzon-dhunen-si-mjet-por-ky-subjekt-politik-po-kerkon-pergjegjesi-politike-per-skandalin-e-publikuar-te-pergjimeve-refuzon","status":"publish","type":"post","link":"https:\/\/capital921.com\/?p=5372","title":{"rendered":"Refuzon dhun\u00ebn si mjet, por ky subjekt politik po k\u00ebrkon p\u00ebrgjegj\u00ebsi politike p\u00ebr skandalin e publikuar t\u00eb p\u00ebrgjimeve"},"content":{"rendered":"<p><strong>Kryesia e Lidhjes Demokratike t\u00eb Kosov\u00ebs n\u00eb nj\u00eb mbledhje t\u00eb mbajtur sot ka diskutuar p\u00ebr zhvillimet e fundit politike me theks t\u00eb ve\u00e7ant\u00eb, si\u00e7 thuhet, mbi skandalet e fundit t\u00eb partis\u00eb n\u00eb pushtet.<\/strong><\/p>\n<p>N\u00eb komunikat\u00ebn e k\u00ebsaj partie thuhet se Lidhja Demokratike e Kosov\u00ebs d\u00ebnon edhe nj\u00ebher\u00eb pamjet e sh\u00ebmtuara t\u00eb dhun\u00ebs n\u00eb Kuvendin e Republik\u00ebs s\u00eb Kosov\u00ebs dhe refuzon dhun\u00ebn si mjet.<\/p>\n<p>\u201cLDK vler\u00ebson se v\u00ebmendja duhet t\u00eb kthehet n\u00eb normalizimin e situat\u00ebs n\u00eb veri dhe luftimin e krimit dhe korrupsionit. LDK k\u00ebrkon p\u00ebrgjegj\u00ebsi politike p\u00ebr skandalin e publikuar t\u00eb p\u00ebrgjimeve ku pushteti dhe eksponent\u00eb t\u00eb lart\u00eb t\u00eb tij kan\u00eb komunikuar me kriminel q\u00eb jan\u00eb n\u00eb list\u00ebn e zez\u00eb t\u00eb SHBA-ve dhe tendencat e tyre p\u00ebr nd\u00ebrhyrje n\u00eb procesin e drejt\u00ebsis\u00eb si dhe p\u00ebrgjegj\u00ebsi lidhur me arrestimet e njer\u00ebzve t\u00eb pushtetit t\u00eb dyshuar p\u00ebr korrupsion\u201d, thuhet n\u00eb komunikat\u00eb.<\/p>\n<p>M\u00eb tej LDK thot\u00eb se \u201cnga t\u00eb gjitha skandalet e partis\u00eb n\u00eb pushtet qytetar\u00ebt jan\u00eb harruar, prandaj \u00ebsht\u00eb jetike q\u00eb v\u00ebmendja e institucioneve t\u00eb Kosov\u00ebs t\u00eb kthehet tek sfidat e tyre t\u00eb p\u00ebrditshme\u201d.<\/p>\n<p>\u201cLDK do t\u00eb vazhdoj\u00eb konsultimet me grupe t\u00eb ndryshme shoq\u00ebrore n\u00eb kuad\u00ebr t\u00eb nism\u00ebs drejt rrug\u00ebs s\u00eb re; n\u00eb nd\u00ebrtimin e mas\u00ebs kritike p\u00ebr ruajtjen e demokracis\u00eb, mendimin e lir\u00eb e orientimin euroatlantik, si projekt i pandryshuesh\u00ebm i Republik\u00ebs. Kosova duhet t\u00eb kthehet n\u00eb binar\u00ebt e saj, prej ku pushteti populist e ka larguar duke e futur vendin n\u00eb sanksione p\u00ebr tu zbrapsur pastaj n\u00eb pik\u00ebn q\u00eb LDK ka insistuar n\u00eb vazhdim\u00ebsi\u201d, thuhet n\u00eb komunikat\u00ebn e LDK-s\u00eb.<\/p>\n<p>Kritikat pas publikimit t\u00eb disa p\u00ebrgjimeve ku ishte p\u00ebrfshir\u00eb shefja e Grupit Parlamentar t\u00eb L\u00ebvizjes Vet\u00ebvendosje n\u00eb pushtet, Mimoza Kusari-Lila, rrit\u00ebn tensionet n\u00eb seanc\u00ebn e Kuvendin e Kosov\u00ebs m\u00eb 13 korrik, q\u00eb kulmuan me p\u00ebrleshje fizike.<\/p>\n<p>Kusari-Lila ka pranuar se ka zhvilluar nj\u00eb bised\u00eb me n\u00ebnkryetarin e List\u00ebs Serbe, Milan Radoi\u00e7iq. N\u00eb t\u00eb kaluar\u00ebn L\u00ebvizja Vet\u00ebvendosje ka kritikuar vazhdimisht personat q\u00eb kan\u00eb mbajtur kontakte me Radoi\u00e7iqin, q\u00eb gjendet n\u00eb list\u00ebn e zez\u00eb amerikane, e k\u00ebrkohet nga autoritetet gjyq\u00ebsore t\u00eb Kosov\u00ebs.<\/p>\n<p>N\u00eb seanc\u00ebn plenare paraditen e 13 korrikut, kryeministrit t\u00eb Kosov\u00ebs, Albin Kurti, iu nd\u00ebrpre fjalimi.<\/p>\n<p>Ai po fliste p\u00ebr Radoi\u00e7iqin, dhe se si \u00ebsht\u00eb t\u00ebrhequr fletarrestimi ndaj tij n\u00eb vitin 2021, disa dit\u00eb para se t\u00eb formohej Qeveria e tij.<\/p>\n<p>\u201cKur kan\u00eb qen\u00eb qeverit\u00eb e m\u00ebhershme, ky kryekriminel ka qen\u00eb n\u00eb Mitrovic\u00eb, ka qen\u00eb n\u00eb Prishtin\u00eb. Tash, kontributi yn\u00eb, \u00ebsht\u00eb q\u00eb \u00ebsht\u00eb n\u00eb nj\u00eb hotel n\u00eb Kopaonik, n\u00eb Serbi\u201d, tha Kurti.<\/p>\n<p>M\u00eb pas, deputeti i Partis\u00eb Demokratike t\u00eb Kosov\u00ebs n\u00eb opozit\u00eb, M\u00ebrgim Lushtaku, iu afrua foltores dhe e gjuajti me uj\u00eb Kurtin dhe z\u00ebvend\u00ebsin e tij, Besnik Bislimin.<\/p>\n<p>N\u00eb at\u00eb moment, n\u00eb mbrojtje t\u00eb t\u00eb dyve doli ministri i Financave, Hekuran Murati, t\u00eb cilin Lushtaku pastaj e shtyu fizikisht me duar. Bislimi goditi me shishen e tij me uj\u00eb deputetin Lushtaku, i cili m\u00eb pas pati p\u00ebrplasje fizike edhe me ministren e Drejt\u00ebsis\u00eb, Albulena Haxhiu. \/<em><strong>CFM<\/strong><\/em>\/<\/p>\n","protected":false},"excerpt":{"rendered":"<p>Kryesia e Lidhjes Demokratike t\u00eb Kosov\u00ebs n\u00eb nj\u00eb mbledhje t\u00eb mbajtur sot ka diskutuar p\u00ebr zhvillimet e fundit politike me theks t\u00eb ve\u00e7ant\u00eb, si\u00e7 thuhet, mbi skandalet e fundit t\u00eb partis\u00eb n\u00eb pushtet. N\u00eb komunikat\u00ebn e k\u00ebsaj partie thuhet se Lidhja Demokratike e Kosov\u00ebs d\u00ebnon edhe nj\u00ebher\u00eb pamjet e sh\u00ebmtuara t\u00eb dhun\u00ebs n\u00eb Kuvendin e [&hellip;]<\/p>\n","protected":false},"author":7,"featured_media":5373,"comment_status":"open","ping_status":"closed","sticky":false,"template":"","format":"standard","meta":{"om_disable_all_campaigns":false,"_monsterinsights_skip_tracking":false,"_monsterinsights_sitenote_active":false,"_monsterinsights_sitenote_note":"","_monsterinsights_sitenote_category":0,"footnotes":""},"categories":[123],"tags":[183,290,303,304,289],"class_list":["post-5372","post","type-post","status-publish","format-standard","has-post-thumbnail","hentry","category-lajme","tag-albin-kurti","tag-albulena-haxhiu","tag-ldk","tag-milan-radoiciq","tag-mimoza-kusari-lila"],"aioseo_notices":[],"_links":{"self":[{"href":"https:\/\/capital921.com\/index.php?rest_route=\/wp\/v2\/posts\/5372","targetHints":{"allow":["GET"]}}],"collection":[{"href":"https:\/\/capital921.com\/index.php?rest_route=\/wp\/v2\/posts"}],"about":[{"href":"https:\/\/capital921.com\/index.php?rest_route=\/wp\/v2\/types\/post"}],"author":[{"embeddable":true,"href":"https:\/\/capital921.com\/index.php?rest_route=\/wp\/v2\/users\/7"}],"replies":[{"embeddable":true,"href":"https:\/\/capital921.com\/index.php?rest_route=%2Fwp%2Fv2%2Fcomments&post=5372"}],"version-history":[{"count":3,"href":"https:\/\/capital921.com\/index.php?rest_route=\/wp\/v2\/posts\/5372\/revisions"}],"predecessor-version":[{"id":5380,"href":"https:\/\/capital921.com\/index.php?rest_route=\/wp\/v2\/posts\/5372\/revisions\/5380"}],"wp:featuredmedia":[{"embeddable":true,"href":"https:\/\/capital921.com\/index.php?rest_route=\/wp\/v2\/media\/5373"}],"wp:attachment":[{"href":"https:\/\/capital921.com\/index.php?rest_route=%2Fwp%2Fv2%2Fmedia&parent=5372"}],"wp:term":[{"taxonomy":"category","embeddable":true,"href":"https:\/\/capital921.com\/index.php?rest_route=%2Fwp%2Fv2%2Fcategories&post=5372"},{"taxonomy":"post_tag","embeddable":true,"href":"https:\/\/capital921.com\/index.php?rest_route=%2Fwp%2Fv2%2Ftags&post=5372"}],"curies":[{"name":"wp","href":"https:\/\/api.w.org\/{rel}","templated":true}]}}