{"id":5354,"date":"2023-07-13T14:45:12","date_gmt":"2023-07-13T12:45:12","guid":{"rendered":"https:\/\/capital921.com\/?p=5354"},"modified":"2023-07-13T14:45:12","modified_gmt":"2023-07-13T12:45:12","slug":"presidentja-osmani-dhuna-fizike-ne-kuvend-demi-me-i-madh-qe-mund-tu-behet-institucioneve-te-ndertuara-me-sakrifice","status":"publish","type":"post","link":"https:\/\/capital921.com\/?p=5354","title":{"rendered":"Presidentja Osmani: Dhuna fizike n\u00eb Kuvend, d\u00ebmi m\u00eb i madh q\u00eb mund t\u2019u b\u00ebhet institucioneve  t\u00eb nd\u00ebrtuara me sakrific\u00eb"},"content":{"rendered":"<p>Pas p\u00ebrdorimit t\u00eb dhun\u00ebs n\u00eb Kuvend, raporton <em>Capital FM<\/em>, ka reaguar edhe presidentja Vjosa Osmani.<\/p>\n<p>Ajo tha se p\u00ebrdorimi i dhun\u00ebs fizike \u00ebsht\u00eb d\u00ebmi m\u00eb i madh q\u00eb mund t\u2019u b\u00ebhet institucioneve tona.<\/p>\n<p><strong>Reagimi i plot\u00eb i Presidentes:<\/strong><\/p>\n<blockquote><p>P\u00ebrdorimi i dhun\u00ebs fizike si mjet p\u00ebr t&#8217;i adresuar pak\u00ebnaq\u00ebsit\u00eb, dallimet apo mosmarr\u00ebveshjet politike \u00ebsht\u00eb d\u00ebmi m\u00eb i madh q\u00eb mund t\u2019u b\u00ebhet institucioneve q\u00eb jan\u00eb nd\u00ebrtuar me aq shum\u00eb mund e sakrific\u00eb.<\/p>\n<p>Kuvendi \u00ebsht\u00eb gurthemeli i shoq\u00ebris\u00eb son\u00eb demokratike, ku z\u00ebra t\u00eb ndrysh\u00ebm bashkohen p\u00ebr t&#8217;i p\u00ebrfaq\u00ebsuar interesat e qytetar\u00ebve, ndaj dhuna nuk ka vend n\u00eb tempullin e demokracis\u00eb dhe nuk mund t\u00eb shnd\u00ebrrohet n\u00eb mjet politik.<\/p>\n<p>Duhet ta riafirmojm\u00eb p\u00ebrkushtimin ton\u00eb ndaj demokracis\u00eb, mendimit ndryshe, sikurse edhe respektit t\u00eb nd\u00ebrsjell\u00eb, duke u mb\u00ebshtetur n\u00eb sundimin dhe respektimin e ligjit.<\/p><\/blockquote>\n<p>\/<strong><em>CFM<\/em><\/strong>\/<\/p>\n","protected":false},"excerpt":{"rendered":"<p>Pas p\u00ebrdorimit t\u00eb dhun\u00ebs n\u00eb Kuvend, raporton Capital FM, ka reaguar edhe presidentja Vjosa Osmani. Ajo tha se p\u00ebrdorimi i dhun\u00ebs fizike \u00ebsht\u00eb d\u00ebmi m\u00eb i madh q\u00eb mund t\u2019u b\u00ebhet institucioneve tona. Reagimi i plot\u00eb i Presidentes: P\u00ebrdorimi i dhun\u00ebs fizike si mjet p\u00ebr t&#8217;i adresuar pak\u00ebnaq\u00ebsit\u00eb, dallimet apo mosmarr\u00ebveshjet politike \u00ebsht\u00eb d\u00ebmi m\u00eb [&hellip;]<\/p>\n","protected":false},"author":7,"featured_media":5355,"comment_status":"open","ping_status":"closed","sticky":false,"template":"","format":"standard","meta":{"om_disable_all_campaigns":false,"_monsterinsights_skip_tracking":false,"_monsterinsights_sitenote_active":false,"_monsterinsights_sitenote_note":"","_monsterinsights_sitenote_category":0,"footnotes":""},"categories":[123],"tags":[301,104],"class_list":["post-5354","post","type-post","status-publish","format-standard","has-post-thumbnail","hentry","category-lajme","tag-dhuna-fizike-ne-kuvend","tag-vjosa-osmani"],"aioseo_notices":[],"_links":{"self":[{"href":"https:\/\/capital921.com\/index.php?rest_route=\/wp\/v2\/posts\/5354","targetHints":{"allow":["GET"]}}],"collection":[{"href":"https:\/\/capital921.com\/index.php?rest_route=\/wp\/v2\/posts"}],"about":[{"href":"https:\/\/capital921.com\/index.php?rest_route=\/wp\/v2\/types\/post"}],"author":[{"embeddable":true,"href":"https:\/\/capital921.com\/index.php?rest_route=\/wp\/v2\/users\/7"}],"replies":[{"embeddable":true,"href":"https:\/\/capital921.com\/index.php?rest_route=%2Fwp%2Fv2%2Fcomments&post=5354"}],"version-history":[{"count":1,"href":"https:\/\/capital921.com\/index.php?rest_route=\/wp\/v2\/posts\/5354\/revisions"}],"predecessor-version":[{"id":5356,"href":"https:\/\/capital921.com\/index.php?rest_route=\/wp\/v2\/posts\/5354\/revisions\/5356"}],"wp:featuredmedia":[{"embeddable":true,"href":"https:\/\/capital921.com\/index.php?rest_route=\/wp\/v2\/media\/5355"}],"wp:attachment":[{"href":"https:\/\/capital921.com\/index.php?rest_route=%2Fwp%2Fv2%2Fmedia&parent=5354"}],"wp:term":[{"taxonomy":"category","embeddable":true,"href":"https:\/\/capital921.com\/index.php?rest_route=%2Fwp%2Fv2%2Fcategories&post=5354"},{"taxonomy":"post_tag","embeddable":true,"href":"https:\/\/capital921.com\/index.php?rest_route=%2Fwp%2Fv2%2Ftags&post=5354"}],"curies":[{"name":"wp","href":"https:\/\/api.w.org\/{rel}","templated":true}]}}