{"id":5335,"date":"2023-07-12T22:42:06","date_gmt":"2023-07-12T20:42:06","guid":{"rendered":"https:\/\/capital921.com\/?p=5335"},"modified":"2023-07-12T22:42:30","modified_gmt":"2023-07-12T20:42:30","slug":"keshilltari-i-kurtit-pergjimin-e-porositur-per-mimozen-nxori-nje-sherbetor-interpretues","status":"publish","type":"post","link":"https:\/\/capital921.com\/?p=5335","title":{"rendered":"K\u00ebshilltari i Kurtit: P\u00ebrgjimin e porositur p\u00ebr Mimoz\u00ebn nxori nj\u00eb sh\u00ebrb\u00ebtor interpretues"},"content":{"rendered":"<p><strong>Jeton Zulfaj, k\u00ebshilltari i kryeministrit Albin Kurti, ka th\u00ebn\u00eb se audio-incizimet e fundit q\u00eb e kan\u00eb p\u00ebrfshir\u00eb shefen e GP t\u00eb LVV-s\u00eb, Mimoza Kusari-Lila, jan\u00eb p\u00ebrgjime t\u00eb porositura, me interpretim udh\u00ebzues nga nj\u00eb sh\u00ebrb\u00ebtor i devotsh\u00ebm.<\/strong><\/p>\n<p>N\u00eb nj\u00eb shkrim n\u00eb llogarin\u00eb e tij n\u00eb Facebook, Zulfaj tha se n\u00eb k\u00ebt\u00eb pjes\u00ebn e dyt\u00eb t\u00eb p\u00ebrgjimit, Kusari-Lila qartazi e tregon arsyen e takimit me Simiq, e q\u00eb sipas tij, \u00ebsht\u00eb n\u00eb kuad\u00ebr t\u00eb mandatit dhe detyr\u00ebs s\u00eb saj si kryetare e Grupit Parlamentar t\u00eb shumic\u00ebs parlamentare.<\/p>\n<p>\u201cGjat\u00eb t\u00ebr\u00eb koh\u00ebs Mimoza ja kujton q\u00ebllimin e takimit duke ja rikujtuar se duhet t\u00eb fokusohet tek ligjet p\u00ebr seanc\u00ebn e ardhshme t\u00eb Kuvendit\u201d, u shpreh ai.<\/p>\n<p>Sipas Zulfajt, takimi \u00ebsht\u00eb jo publik por n\u00eb objekt publik, me Simiq, jo me Radoi\u00e7iq, prandaj edhe s\u2019kishte asnj\u00eb arsye Mimoza t\u00eb angazhohej n\u00eb nj\u00eb bised\u00eb ku Simiq flet p\u00ebr Radoi\u00e7iq.<\/p>\n<p>\u201cNatyrisht, Simiq kishte shkuar tek Mimoza t\u00eb fliste p\u00ebr Radoi\u00e7iq, q\u00eb edhe ta incizonte por Mimoza ishte e interesuar p\u00ebr seanc\u00ebn e radh\u00ebs t\u00eb Kuvendit dhe ligjet q\u00eb \u00ebsht\u00eb gj\u00ebja m\u00eb normale q\u00eb duhet t\u00eb b\u00ebj\u00eb nj\u00eb udh\u00ebheq\u00ebse e grupit parlamentar t\u00eb shumic\u00ebs parlamentare\u201d, tha tutje.<\/p>\n<p><strong>Postimi i plot\u00eb i Zulfajt:<\/strong><\/p>\n<blockquote><p>P\u00ebrgjim i porositur, me interpretim udh\u00ebzues nga nj\u00eb sh\u00ebrb\u00ebtor i devotsh\u00ebm<\/p>\n<p>N\u00eb k\u00ebt\u00eb pjes\u00ebn e dyt\u00eb t\u00eb p\u00ebrgjimit t\u00eb porositur i cili u publikua dje me interpretim udh\u00ebzues nga nj\u00eb sh\u00ebrb\u00ebtor i devotsh\u00ebm, Mimoza qartazi e tregon arsyen e takimit me Simiq e q\u00eb \u00ebsht\u00eb n\u00eb kuad\u00ebr t\u00eb mandatit dhe detyr\u00ebs s\u00eb saj si kryetare e grupit parlamentar t\u00eb shumic\u00ebs parlamentare.<\/p>\n<p>Gjat\u00eb t\u00ebr\u00eb koh\u00ebs Mimoza ja kujton q\u00ebllimin e takimit duke ja rikujtuar se duhet t\u00eb fokusohet tek ligjet p\u00ebr seanc\u00ebn e ardhshme t\u00eb Kuvendit.<\/p>\n<p>Takimi \u00ebsht\u00eb jo publik por n\u00eb objekt publik, me Simiq, jo me Radoi\u00e7iq, prandaj edhe s&#8217;kishte asnj\u00eb arsye Mimoza t\u00eb angazhohej n\u00eb nj\u00eb bised\u00eb ku Simiq flet p\u00ebr Radoi\u00e7iq.<\/p>\n<p>Natyrisht, Simiq kishte shkuar tek Mimoza t\u00eb fliste p\u00ebr Radoi\u00e7iq, q\u00eb edhe ta incizonte por Mimoza ishte e interesuar p\u00ebr seanc\u00ebn e radh\u00ebs t\u00eb Kuvendit dhe ligjet q\u00eb \u00ebsht\u00eb gj\u00ebja m\u00eb normale q\u00eb duhet t\u00eb b\u00ebj\u00eb nj\u00eb udh\u00ebheq\u00ebse e grupit parlamentar t\u00eb shumic\u00ebs parlamentare.<\/p>\n<p>\u00c7far\u00eb ka b\u00ebr\u00eb gabim Mimoza?<br \/>\nQ\u00eb ka folur me List\u00ebn Serbe e cila i ka 10 deputet\u00eb n\u00eb kuvend?<br \/>\nP\u00ebrfaq\u00ebsuesit nga komuniteti Serb nuk i zgjedh Mimoza. Mimoza e ka n\u00eb mandat q\u00eb t\u00eb bisedoj\u00eb me ata p\u00ebrfaq\u00ebsues t\u00eb cil\u00ebt b\u00ebhen pjes\u00eb e Kuvendit t\u00eb Republik\u00ebs.<\/p>\n<p>Sh\u00ebrb\u00ebtorit interpretues nuk i konvenon t\u00eb nxjerr\u00eb materialin q\u00eb ka pa e interpretuar sepse ashtu ai material ska vler\u00eb. Ashtu secili mund ta gjykonte p\u00ebrgjimin sipas kuptimit, interpretimit e mendimit t\u00eb tij\/saj.<\/p>\n<p>JOOOO. Sh\u00ebrb\u00ebtori d\u00ebshiron q\u00eb ai material q\u00eb atij i \u00ebsht\u00eb besuar t\u00eb kuptohet nga t\u00eb gjith\u00eb si\u00e7 e kupton ai dhe si\u00e7 pret porosit\u00ebsi, prandaj edhe ne 3 minuta p\u00ebrgjim ai b\u00ebn gati 30 minuta interpretim\/udh\u00ebzim.<\/p>\n<p>N\u00eb fund t\u00eb fundit duhet t\u00eb ket\u00eb nj\u00eb arsye t\u00eb fort\u00eb se p\u00ebrse bash atij ja besuan k\u00ebt\u00eb pun\u00eb.<\/p>\n<p>N\u00eb Kosov\u00eb ka shum\u00eb media, por nj\u00eb p\u00ebrgjim i porositur nga Radoi\u00e7iq nuk mund ti besohej kujtdo, madje as mediave ne veri te vendit, sepse zoti na ruajt dikush tjet\u00ebr do ta nxjerrte pa interpretim\/udh\u00ebzim e ashtu do humbej mund\u00ebsia p\u00ebr t\u00eb goditur qeverin\u00eb.<\/p>\n<p>Dhe mir\u00eb b\u00ebn mediat tjera q\u00eb nuk ia mor\u00ebn k\u00ebt\u00eb mund\u00ebsi. Radoi\u00e7iqin dhe gjith\u00e7ka q\u00eb lidhet me guethyesit e tij duhet t\u00eb ja besojm\u00eb atij q\u00eb e njeh at\u00eb m\u00eb s\u00eb miri.<\/p>\n<p>Por, a thu nga e mori sh\u00ebrb\u00ebtori k\u00ebt\u00eb material?<\/p>\n<p>\u00c7far\u00eb pyetje idiote b\u00ebj edhe un\u00eb.<\/p>\n<p>\/<em><strong>CFM<\/strong><\/em>\/<\/p><\/blockquote>\n","protected":false},"excerpt":{"rendered":"<p>Jeton Zulfaj, k\u00ebshilltari i kryeministrit Albin Kurti, ka th\u00ebn\u00eb se audio-incizimet e fundit q\u00eb e kan\u00eb p\u00ebrfshir\u00eb shefen e GP t\u00eb LVV-s\u00eb, Mimoza Kusari-Lila, jan\u00eb p\u00ebrgjime t\u00eb porositura, me interpretim udh\u00ebzues nga nj\u00eb sh\u00ebrb\u00ebtor i devotsh\u00ebm. N\u00eb nj\u00eb shkrim n\u00eb llogarin\u00eb e tij n\u00eb Facebook, Zulfaj tha se n\u00eb k\u00ebt\u00eb pjes\u00ebn e dyt\u00eb t\u00eb p\u00ebrgjimit, [&hellip;]<\/p>\n","protected":false},"author":7,"featured_media":5336,"comment_status":"open","ping_status":"closed","sticky":false,"template":"","format":"standard","meta":{"om_disable_all_campaigns":false,"_monsterinsights_skip_tracking":false,"_monsterinsights_sitenote_active":false,"_monsterinsights_sitenote_note":"","_monsterinsights_sitenote_category":0,"footnotes":""},"categories":[123],"tags":[287,288,289],"class_list":["post-5335","post","type-post","status-publish","format-standard","has-post-thumbnail","hentry","category-lajme","tag-audio-incizimet","tag-jeton-zulfaj","tag-mimoza-kusari-lila"],"aioseo_notices":[],"_links":{"self":[{"href":"https:\/\/capital921.com\/index.php?rest_route=\/wp\/v2\/posts\/5335","targetHints":{"allow":["GET"]}}],"collection":[{"href":"https:\/\/capital921.com\/index.php?rest_route=\/wp\/v2\/posts"}],"about":[{"href":"https:\/\/capital921.com\/index.php?rest_route=\/wp\/v2\/types\/post"}],"author":[{"embeddable":true,"href":"https:\/\/capital921.com\/index.php?rest_route=\/wp\/v2\/users\/7"}],"replies":[{"embeddable":true,"href":"https:\/\/capital921.com\/index.php?rest_route=%2Fwp%2Fv2%2Fcomments&post=5335"}],"version-history":[{"count":2,"href":"https:\/\/capital921.com\/index.php?rest_route=\/wp\/v2\/posts\/5335\/revisions"}],"predecessor-version":[{"id":5338,"href":"https:\/\/capital921.com\/index.php?rest_route=\/wp\/v2\/posts\/5335\/revisions\/5338"}],"wp:featuredmedia":[{"embeddable":true,"href":"https:\/\/capital921.com\/index.php?rest_route=\/wp\/v2\/media\/5336"}],"wp:attachment":[{"href":"https:\/\/capital921.com\/index.php?rest_route=%2Fwp%2Fv2%2Fmedia&parent=5335"}],"wp:term":[{"taxonomy":"category","embeddable":true,"href":"https:\/\/capital921.com\/index.php?rest_route=%2Fwp%2Fv2%2Fcategories&post=5335"},{"taxonomy":"post_tag","embeddable":true,"href":"https:\/\/capital921.com\/index.php?rest_route=%2Fwp%2Fv2%2Ftags&post=5335"}],"curies":[{"name":"wp","href":"https:\/\/api.w.org\/{rel}","templated":true}]}}