{"id":5328,"date":"2023-07-12T22:22:47","date_gmt":"2023-07-12T20:22:47","guid":{"rendered":"https:\/\/capital921.com\/?p=5328"},"modified":"2023-07-12T22:46:09","modified_gmt":"2023-07-12T20:46:09","slug":"bislimi-integrimi-euroatlantik-nje-nga-prioritetet-me-te-rendesishme","status":"publish","type":"post","link":"https:\/\/capital921.com\/?p=5328","title":{"rendered":"Bislimi: Integrimi euroatlantik, nj\u00eb nga prioritetet m\u00eb t\u00eb r\u00ebnd\u00ebsishme"},"content":{"rendered":"<p><strong>N\u00eb nd\u00ebrtes\u00ebn e Qeveris\u00eb s\u00eb Republik\u00ebs s\u00eb Kosov\u00ebs, u zhvillua mbledhja e pest\u00eb e K\u00ebshillit Ministror p\u00ebr Integrim Evropian. Kjo mbledhje u kryesua nga z\u00ebvend\u00ebskryeministri i par\u00eb p\u00ebr Integrim Evropian, Zhvillim dhe Dialog i Republik\u00ebs s\u00eb Kosov\u00ebs, Besnik Bislimi.<\/strong><\/p>\n<p>\u201cIntegrimi i Kosov\u00ebs n\u00eb institucionet euroatlantike ka qen\u00eb dhe mbetet nj\u00eb nga prioritetet m\u00eb t\u00eb r\u00ebnd\u00ebsishme t\u00eb Qeveris\u00eb s\u00eb Kosov\u00ebs, andaj \u00e7do hap q\u00eb nd\u00ebrmerret n\u00eb drejtim t\u00eb k\u00ebtij objektivi strategjik \u00ebsht\u00eb nj\u00eb hap i duhur tutje drejt integrimit t\u00eb Kosov\u00ebs n\u00eb k\u00ebto institucione dhe organizata.\u201d tha z\u00ebvend\u00ebskryeministri Bislimi n\u00eb hapjen e k\u00ebsaj mbledhjeje, njoftohet p\u00ebrmes nj\u00eb komunikate p\u00ebr media.<\/p>\n<p>Fillimisht n\u00eb pjes\u00ebn e par\u00eb t\u00eb mbledhjes \u00ebsht\u00eb diskutuar p\u00ebr masat t\u00eb cilat kan\u00eb arritur zbatim n\u00eb Planin e Veprimit ERA II dhe aspektin e p\u00ebrgjithsh\u00ebm t\u00eb gjendjes s\u00eb zbatimit sipas institucioneve dhe n\u00eb t\u00eb dyt\u00ebn hapat dhe reformat ky\u00e7e t\u00eb parapara n\u00eb kuad\u00ebr t\u00eb Programit Komb\u00ebtar p\u00ebr Integrim Evropian, PKIE 2023-2027.<\/p>\n<p>N\u00eb k\u00ebt\u00eb mbledhje t\u00eb pest\u00eb t\u00eb k\u00ebtij K\u00ebshilli, u fol dhe rreth detyrave konkrete dhe sfidave t\u00eb mundshme n\u00eb zbatimin e arritjen e objektivave drejt rrug\u00ebs s\u00eb integrimit evropian t\u00eb Republik\u00ebs s\u00eb Kosov\u00ebs.<\/p>\n<p>\u201cSi\u00e7 e dini, m\u00eb 15 dhjetor 2022 kemi dor\u00ebzuar zyrtarisht aplikimin p\u00ebr an\u00ebtar\u00ebsim n\u00eb BE. N\u00eb ve\u00e7anti tani pas aplikimit p\u00ebr an\u00ebtar\u00ebsim pritet p\u00ebrshpejtim i zbatimit t\u00eb reformave dhe p\u00ebrmir\u00ebsimi i cil\u00ebsis\u00eb dhe ndikimit t\u00eb tyre n\u00eb jet\u00ebn e qytetar\u00ebve. Fokusi q\u00ebndron tek krijimi i momentumit p\u00ebr pranimin e pyet\u00ebsorit nga Komisioni Evropian p\u00ebr t\u2019u vler\u00ebsuar p\u00ebr statusin e shtetit kandidat p\u00ebr an\u00ebtar\u00ebsim. Prandaj, \u00ebsht\u00eb me r\u00ebnd\u00ebsi ky\u00e7e q\u00eb reformat n\u00ebn p\u00ebrgjegj\u00ebsin\u00eb e institucioneve q\u00eb drejtoni t\u00eb zbatohen brenda afateve kohore t\u00eb vendosura nga vet\u00eb institucionet tuaja, n\u00eb bashk\u00ebpunim me Zyr\u00ebn e Kryeministrit si institucionin kryesor koordinues p\u00ebr integrim evropian.\u201d shtoi nd\u00ebr t\u00eb tjera z\u00ebvend\u00ebskryeministri Bislimi.<\/p>\n<p>Zyra e Z\u00ebvend\u00ebskryeministrit p\u00ebr Integrim Evropian, Zhvillim dhe Dialog s\u00eb bashku me Drejtorit\u00eb p\u00ebrkat\u00ebse t\u00eb integrimit evropian do t\u00eb monitorojn\u00eb rregullisht procesin e zbatimit t\u00eb reformave dhe do t\u00eb bashk\u00ebpunojn\u00eb ngusht\u00eb me ministrit\u00eb, Kuvendin e Kosov\u00ebs, k\u00ebshillat dhe agjencit\u00eb e pavarura p\u00ebr p\u00ebrmbushjen e obligimeve t\u00eb agjend\u00ebs evropiane. \/<strong><em>CFM<\/em><\/strong>\/<\/p>\n<p>&nbsp;<\/p>\n","protected":false},"excerpt":{"rendered":"<p>N\u00eb nd\u00ebrtes\u00ebn e Qeveris\u00eb s\u00eb Republik\u00ebs s\u00eb Kosov\u00ebs, u zhvillua mbledhja e pest\u00eb e K\u00ebshillit Ministror p\u00ebr Integrim Evropian. Kjo mbledhje u kryesua nga z\u00ebvend\u00ebskryeministri i par\u00eb p\u00ebr Integrim Evropian, Zhvillim dhe Dialog i Republik\u00ebs s\u00eb Kosov\u00ebs, Besnik Bislimi. \u201cIntegrimi i Kosov\u00ebs n\u00eb institucionet euroatlantike ka qen\u00eb dhe mbetet nj\u00eb nga prioritetet m\u00eb t\u00eb r\u00ebnd\u00ebsishme [&hellip;]<\/p>\n","protected":false},"author":7,"featured_media":5329,"comment_status":"open","ping_status":"closed","sticky":false,"template":"","format":"standard","meta":{"om_disable_all_campaigns":false,"_monsterinsights_skip_tracking":false,"_monsterinsights_sitenote_active":false,"_monsterinsights_sitenote_note":"","_monsterinsights_sitenote_category":0,"footnotes":""},"categories":[123],"tags":[278,268,283],"class_list":["post-5328","post","type-post","status-publish","format-standard","has-post-thumbnail","hentry","category-lajme","tag-be","tag-besnik-bislimi","tag-integrim-euroatlantik"],"aioseo_notices":[],"_links":{"self":[{"href":"https:\/\/capital921.com\/index.php?rest_route=\/wp\/v2\/posts\/5328","targetHints":{"allow":["GET"]}}],"collection":[{"href":"https:\/\/capital921.com\/index.php?rest_route=\/wp\/v2\/posts"}],"about":[{"href":"https:\/\/capital921.com\/index.php?rest_route=\/wp\/v2\/types\/post"}],"author":[{"embeddable":true,"href":"https:\/\/capital921.com\/index.php?rest_route=\/wp\/v2\/users\/7"}],"replies":[{"embeddable":true,"href":"https:\/\/capital921.com\/index.php?rest_route=%2Fwp%2Fv2%2Fcomments&post=5328"}],"version-history":[{"count":2,"href":"https:\/\/capital921.com\/index.php?rest_route=\/wp\/v2\/posts\/5328\/revisions"}],"predecessor-version":[{"id":5340,"href":"https:\/\/capital921.com\/index.php?rest_route=\/wp\/v2\/posts\/5328\/revisions\/5340"}],"wp:featuredmedia":[{"embeddable":true,"href":"https:\/\/capital921.com\/index.php?rest_route=\/wp\/v2\/media\/5329"}],"wp:attachment":[{"href":"https:\/\/capital921.com\/index.php?rest_route=%2Fwp%2Fv2%2Fmedia&parent=5328"}],"wp:term":[{"taxonomy":"category","embeddable":true,"href":"https:\/\/capital921.com\/index.php?rest_route=%2Fwp%2Fv2%2Fcategories&post=5328"},{"taxonomy":"post_tag","embeddable":true,"href":"https:\/\/capital921.com\/index.php?rest_route=%2Fwp%2Fv2%2Ftags&post=5328"}],"curies":[{"name":"wp","href":"https:\/\/api.w.org\/{rel}","templated":true}]}}