{"id":5306,"date":"2023-07-10T21:06:47","date_gmt":"2023-07-10T19:06:47","guid":{"rendered":"https:\/\/capital921.com\/?p=5306"},"modified":"2023-07-10T21:06:47","modified_gmt":"2023-07-10T19:06:47","slug":"kurti-per-hardtalk-jemi-pro-shba-se-nato-s-e-be-se-por-serbia-eshte-e-lidhur-me-kremlinin","status":"publish","type":"post","link":"https:\/\/capital921.com\/?p=5306","title":{"rendered":"Kurti p\u00ebr HardTalk: Jemi pro SHBA-s\u00eb, NATO-s e BE-s\u00eb, por Serbia \u00ebsht\u00eb e lidhur me Kremlinin"},"content":{"rendered":"<p><main id=\"primary\" class=\"site-main\"><\/p>\n<article id=\"post-3746490\" class=\"post-3746490 post type-post status-publish format-standard has-post-thumbnail hentry category-kosove tag-albin-kurti tag-be tag-nato tag-qeveria-e-kosoves tag-serbia tag-shba lajme\">\n<div class=\"article-type lajme\">\n<div class=\"container\">\n<div class=\"content-container flex\">\n<div class=\"flex__col--8 flex__col--mobile-12\">\n<div class=\"single__article--items\">\n<div class=\"single__article--content\" data-io-article-url=\"https:\/\/telegrafi.com\/kurti-per-hardtalk-te-bbc-ne-jemi-pro-shba-se-nato-s-dhe-se-serbia-eshte-e-lidhur-kremlinin\/\">\n<p><strong>Kryeministri i Kosov\u00ebs, Albin Kurti, ka th\u00ebn\u00eb se Kosova rregullisht komunikon dhe koordinohet me Shtetet e Bashkuara t\u00eb Amerik\u00ebs dhe Bashkimin Evropian.<\/strong><\/p>\n<p>N\u00eb nj\u00eb intervist\u00eb p\u00ebr\u00a0<a href=\"https:\/\/www.bbc.co.uk\/sounds\/play\/w3ct4p34?fbclid=IwAR1HbS803iSt4ajagxAmjMFOtCIj72wh1wny4SeP3yHmtGWmxTDRKq_cvRo\">HardTalk<\/a>\u00a0t\u00eb BBC, teksa \u00ebsht\u00eb pyetur se a \u00ebsht\u00eb i gatsh\u00ebm t\u00eb veproj\u00eb p\u00ebr ta deeskaluar situat\u00ebn, Kurti ka ritheksuar se p\u00ebr k\u00ebt\u00eb ai ka ofruar edhe zgjedhje t\u00eb parakohshme n\u00eb kat\u00ebr komunat veriore.<\/p>\n<p>\u201cKa qen\u00eb shum\u00eb e r\u00ebnd\u00eb sepse dy organizatat ekstremiste terroriste q\u00eb financohen nga Serbia dhe nga ku marrin edhe urdhrat \u201cMbrojtja Civile\u201d dhe \u201cBrigada e Veriut\u201d ka qen\u00eb shum\u00eb aktive dhe e para ka k\u00ebrc\u00ebnuar serb\u00ebt dhe kandidat\u00ebt serb\u00eb q\u00eb do t\u00eb donin t\u00eb votonin dhe t\u00eb konkurronin n\u00eb zgjedhjet dhe e dyta n\u00eb sulmin ndaj policis\u00eb son\u00eb, gazetar\u00ebve por edhe p\u00ebr shumic\u00ebn e ushtar\u00ebve t\u00eb NATO-s. Un\u00eb kurr\u00eb nuk e faj\u00ebsoj popullsin\u00eb minoritare serbe, ata jan\u00eb 4% e popullsis\u00eb n\u00eb Kosov\u00eb, por faj\u00ebsoj dy organizata specifike dhe po ashtu Beogradin q\u00eb i kontrollon\u201d, ka th\u00ebn\u00eb Kurti.<\/p>\n<p>\u201cNatyrisht, un\u00eb kam ofruar q\u00eb sa m\u00eb shpejt t\u00eb ket\u00eb zgjedhje t\u00eb parakohshme n\u00eb kat\u00ebr komunat minoritare. Ne duhet t\u00eb kemi shtet ligjor n\u00eb m\u00ebnyr\u00eb q\u00eb t\u00eb kemi nj\u00eb fushat\u00eb t\u00eb drejt\u00eb dhe t\u00eb hapur p\u00ebrpara zgjedhjeve t\u00eb lira dhe demokratike. Ne komunikojm\u00eb rregullisht dhe me BE-n\u00eb dhe me SHBA-n\u00eb, por m\u00eb pas duhet t\u00eb respektoj dhe t\u00eb zbatoj Kushtetut\u00ebn dhe rendin juridik dhe ligjshm\u00ebrin\u00eb e Republik\u00ebs s\u00eb Kosov\u00ebs. Un\u00eb jam kryeminist\u00ebr i Kosov\u00ebs sepse Kosova \u00ebsht\u00eb Republik\u00eb. Pes\u00eb dit\u00eb para marrjes s\u00eb k\u00ebtij vendimi me t\u00eb cilin deklarojm\u00eb se k\u00ebto dy organizata jan\u00eb terroriste, ata jan\u00eb njoftuar se \u00e7far\u00eb do t\u00eb b\u00ebjm\u00eb, k\u00ebshtu q\u00eb ne jemi t\u00eb koordinuar, kjo nuk do t\u00eb thot\u00eb se jemi dakord gjat\u00eb gjith\u00eb koh\u00ebs p\u00ebr t\u00eb gjitha \u00e7\u00ebshtjet\u201d, shtoi m\u00eb tej Kurti.<\/p>\n<p>Kurti ka theksuar se Kosova \u00ebsht\u00eb nj\u00eb vend demokratik kurse Serbia sipas tij \u00ebsht\u00eb nj\u00eb regjim hibrid m\u00eb tep\u00ebr autokratik.<\/p>\n<p>\u201cVu\u00e7iq m\u00eb sulmon \u00e7do dit\u00eb, ndonj\u00ebher\u00eb disa her\u00eb n\u00eb dit\u00eb, por Kosova \u00ebsht\u00eb nj\u00eb vend demokratik, me orientim proper\u00ebndimor, sipas Transparency International, p\u00ebr Freedom House, Kosova \u00ebsht\u00eb nj\u00eb vend demokratik nd\u00ebrsa Serbia \u00ebsht\u00eb nj\u00eb regjim hibrid m\u00eb tep\u00ebr autokratik, k\u00ebshtu q\u00eb ne jemi pro BE-s\u00eb, pro NATO-s dhe pro SHBA-s\u00eb. Serbia \u00ebsht\u00eb shum\u00eb e lidhur me Kremlinin\u201d, tha Kurti.<\/p>\n<p>M\u00eb tej ka th\u00ebn\u00eb se Beogradi donte q\u00eb ky Asociacion t\u00eb largohej nga politika p\u00ebr etnonacionaliz\u00ebm territorial q\u00eb rezultoi n\u00eb Republik\u00ebn Srpska n\u00eb Bosnj\u00eb dhe Hercegovin\u00eb.<\/p>\n<p>\u201cNe nuk jemi t\u00eb frik\u00ebsuar, ne jemi vet\u00ebm vigjilent\u00eb sepse Beogradi po i p\u00ebrdor p\u00ebr t\u00eb mos njohur Kosov\u00ebn dhe p\u00ebr t\u00eb k\u00ebrkuar ndarjen e Kosov\u00ebs\u201d.<\/p>\n<p>Kurti \u00ebsht\u00eb shprehur i gatsh\u00ebm q\u00eb t\u00eb takohet me presidentin Vu\u00e7iq, teksa p\u00ebrmend edhe takimin e fundit n\u00eb Bruksel, ku ky i fundit kishte refuzuar t\u00eb takohet me kreun e ekzekutivit kosovar.<\/p>\n<p>\u201cSigurisht q\u00eb isha n\u00eb Bruksel, m\u00eb 22 qershor, por ishte presidenti Vu\u00e7iq ai q\u00eb nuk u takua. Konstruktiviteti dhe krijimtaria ime ka qen\u00eb \u2026 e mbushur me propozime t\u00eb ndryshme. P\u00ebr shembull, un\u00eb propozova modelin i cili \u00ebsht\u00eb frym\u00ebzuar nga serb\u00ebt n\u00eb Kroaci. Serb\u00ebt n\u00eb Kroaci kan\u00eb nj\u00eb marr\u00ebveshje normalizuese me mekanizmin p\u00ebr mbrojtjen e t\u00eb drejtave t\u00eb pakicave dhe serb\u00ebt ishin t\u00eb k\u00ebnaqur me k\u00ebt\u00eb, thash\u00eb ta b\u00ebjm\u00eb, por ata nuk d\u00ebgjojn\u00eb\u201d.<\/p>\n<p>\u201cK\u00ebto sanksione nuk kan\u00eb t\u00eb b\u00ebjn\u00eb fare me marr\u00ebveshjen e vitit 2013 sepse ajo marr\u00ebveshje \u00ebsht\u00eb pjes\u00eb e 39 marr\u00ebveshjeve t\u00eb cilat jan\u00eb n\u00ebnshkruar nga paraardh\u00ebsit e mi\u2026\u201d, u shpreh Kurti. \/<em><strong>CFM<\/strong><\/em>\/<\/p>\n<\/div>\n<\/div>\n<\/div>\n<\/div>\n<\/div>\n<\/div>\n<\/article>\n<p><\/main><\/p>\n","protected":false},"excerpt":{"rendered":"<p>Kryeministri i Kosov\u00ebs, Albin Kurti, ka th\u00ebn\u00eb se Kosova rregullisht komunikon dhe koordinohet me Shtetet e Bashkuara t\u00eb Amerik\u00ebs dhe Bashkimin Evropian. N\u00eb nj\u00eb intervist\u00eb p\u00ebr\u00a0HardTalk\u00a0t\u00eb BBC, teksa \u00ebsht\u00eb pyetur se a \u00ebsht\u00eb i gatsh\u00ebm t\u00eb veproj\u00eb p\u00ebr ta deeskaluar situat\u00ebn, Kurti ka ritheksuar se p\u00ebr k\u00ebt\u00eb ai ka ofruar edhe zgjedhje t\u00eb parakohshme n\u00eb [&hellip;]<\/p>\n","protected":false},"author":7,"featured_media":5307,"comment_status":"open","ping_status":"closed","sticky":false,"template":"","format":"standard","meta":{"om_disable_all_campaigns":false,"_monsterinsights_skip_tracking":false,"_monsterinsights_sitenote_active":false,"_monsterinsights_sitenote_note":"","_monsterinsights_sitenote_category":0,"footnotes":""},"categories":[123],"tags":[183,278,115,277,119,279],"class_list":["post-5306","post","type-post","status-publish","format-standard","has-post-thumbnail","hentry","category-lajme","tag-albin-kurti","tag-be","tag-nato","tag-qeveria-e-kosoves","tag-serbia","tag-shba"],"aioseo_notices":[],"_links":{"self":[{"href":"https:\/\/capital921.com\/index.php?rest_route=\/wp\/v2\/posts\/5306","targetHints":{"allow":["GET"]}}],"collection":[{"href":"https:\/\/capital921.com\/index.php?rest_route=\/wp\/v2\/posts"}],"about":[{"href":"https:\/\/capital921.com\/index.php?rest_route=\/wp\/v2\/types\/post"}],"author":[{"embeddable":true,"href":"https:\/\/capital921.com\/index.php?rest_route=\/wp\/v2\/users\/7"}],"replies":[{"embeddable":true,"href":"https:\/\/capital921.com\/index.php?rest_route=%2Fwp%2Fv2%2Fcomments&post=5306"}],"version-history":[{"count":1,"href":"https:\/\/capital921.com\/index.php?rest_route=\/wp\/v2\/posts\/5306\/revisions"}],"predecessor-version":[{"id":5308,"href":"https:\/\/capital921.com\/index.php?rest_route=\/wp\/v2\/posts\/5306\/revisions\/5308"}],"wp:featuredmedia":[{"embeddable":true,"href":"https:\/\/capital921.com\/index.php?rest_route=\/wp\/v2\/media\/5307"}],"wp:attachment":[{"href":"https:\/\/capital921.com\/index.php?rest_route=%2Fwp%2Fv2%2Fmedia&parent=5306"}],"wp:term":[{"taxonomy":"category","embeddable":true,"href":"https:\/\/capital921.com\/index.php?rest_route=%2Fwp%2Fv2%2Fcategories&post=5306"},{"taxonomy":"post_tag","embeddable":true,"href":"https:\/\/capital921.com\/index.php?rest_route=%2Fwp%2Fv2%2Ftags&post=5306"}],"curies":[{"name":"wp","href":"https:\/\/api.w.org\/{rel}","templated":true}]}}