{"id":5260,"date":"2023-07-08T21:31:12","date_gmt":"2023-07-08T19:31:12","guid":{"rendered":"https:\/\/capital921.com\/?p=5260"},"modified":"2023-07-08T21:32:49","modified_gmt":"2023-07-08T19:32:49","slug":"cfare-po-ndodh-me-gjeneralin-rus-sergei-surovikin","status":"publish","type":"post","link":"https:\/\/capital921.com\/?p=5260","title":{"rendered":"\u00c7far\u00eb po ndodh me gjeneralin rus, Sergei Surovikin?"},"content":{"rendered":"<p>Thashethemet p\u00ebr vendndodhjen e gjeneralit rus Sergei Surovikin kan\u00eb qarkulluar q\u00eb nga rebelimi i luft\u00ebtar\u00ebve t\u00eb Grupit Wagner.<\/p>\n<p>Gjenerali Surovikin ka sh\u00ebrbyer si z\u00ebvend\u00ebskomandant i forcave ruse n\u00eb luft\u00ebn e Ukrain\u00ebs \u2013 por nuk \u00ebsht\u00eb par\u00eb n\u00eb publik q\u00eb nga rebelimi.<\/p>\n<p>Ka pasur pyetje rreth asaj se sa kishte informata p\u00ebr rebelimin para se t\u00eb ndodhte dhe n\u00ebse zgjodhi t\u00eb mos informonte autoritetet ruse.<\/p>\n<p>Raporte t\u00eb shumta sugjeruan se ai ishte arrestuar, megjith\u00ebse nuk ka pasur asnj\u00eb konfirmim p\u00ebr k\u00ebt\u00eb nga Kremlini.<\/p>\n<p>Vadym Denysenko, kreu i Institutit t\u00eb Ukrain\u00ebs p\u00ebr t\u00eb Ardhmen, ka pohuar gjithashtu tani se gjenerali Surovikin \u00ebsht\u00eb arrestuar s\u00eb bashku me z\u00ebvend\u00ebsin e tij Andrey Yedin dhe disa gjeneral\u00eb t\u00eb tjer\u00eb.<\/p>\n<p>\u201cMund t\u00eb se sistemi me sa duket i ka ndaluar dhe po i mban n\u00eb Lefortovo apo kudo tjet\u00ebr, gjeneralin Surovikin, ndoshta z\u00ebvend\u00ebsin e tij Yudin dhe disa gjeneral\u00eb t\u00eb tjer\u00eb\u201d, tha Denysenko p\u00ebr New Voice of Ukraine.<\/p>\n<p>Megjithat\u00eb, ende nuk ka asnj\u00eb konfirmim nga Kremlini.\u00a0<strong>\/<em>CFM<\/em>\/<\/strong><\/p>\n","protected":false},"excerpt":{"rendered":"<p>Thashethemet p\u00ebr vendndodhjen e gjeneralit rus Sergei Surovikin kan\u00eb qarkulluar q\u00eb nga rebelimi i luft\u00ebtar\u00ebve t\u00eb Grupit Wagner. Gjenerali Surovikin ka sh\u00ebrbyer si z\u00ebvend\u00ebskomandant i forcave ruse n\u00eb luft\u00ebn e Ukrain\u00ebs \u2013 por nuk \u00ebsht\u00eb par\u00eb n\u00eb publik q\u00eb nga rebelimi. Ka pasur pyetje rreth asaj se sa kishte informata p\u00ebr rebelimin para se t\u00eb [&hellip;]<\/p>\n","protected":false},"author":7,"featured_media":5261,"comment_status":"open","ping_status":"closed","sticky":false,"template":"","format":"standard","meta":{"om_disable_all_campaigns":false,"_monsterinsights_skip_tracking":false,"_monsterinsights_sitenote_active":false,"_monsterinsights_sitenote_note":"","_monsterinsights_sitenote_category":0,"footnotes":""},"categories":[248],"tags":[249,205,250],"class_list":["post-5260","post","type-post","status-publish","format-standard","has-post-thumbnail","hentry","category-evrope","tag-kriza-ne-ukraine","tag-rusia","tag-ukraina"],"aioseo_notices":[],"_links":{"self":[{"href":"https:\/\/capital921.com\/index.php?rest_route=\/wp\/v2\/posts\/5260","targetHints":{"allow":["GET"]}}],"collection":[{"href":"https:\/\/capital921.com\/index.php?rest_route=\/wp\/v2\/posts"}],"about":[{"href":"https:\/\/capital921.com\/index.php?rest_route=\/wp\/v2\/types\/post"}],"author":[{"embeddable":true,"href":"https:\/\/capital921.com\/index.php?rest_route=\/wp\/v2\/users\/7"}],"replies":[{"embeddable":true,"href":"https:\/\/capital921.com\/index.php?rest_route=%2Fwp%2Fv2%2Fcomments&post=5260"}],"version-history":[{"count":2,"href":"https:\/\/capital921.com\/index.php?rest_route=\/wp\/v2\/posts\/5260\/revisions"}],"predecessor-version":[{"id":5263,"href":"https:\/\/capital921.com\/index.php?rest_route=\/wp\/v2\/posts\/5260\/revisions\/5263"}],"wp:featuredmedia":[{"embeddable":true,"href":"https:\/\/capital921.com\/index.php?rest_route=\/wp\/v2\/media\/5261"}],"wp:attachment":[{"href":"https:\/\/capital921.com\/index.php?rest_route=%2Fwp%2Fv2%2Fmedia&parent=5260"}],"wp:term":[{"taxonomy":"category","embeddable":true,"href":"https:\/\/capital921.com\/index.php?rest_route=%2Fwp%2Fv2%2Fcategories&post=5260"},{"taxonomy":"post_tag","embeddable":true,"href":"https:\/\/capital921.com\/index.php?rest_route=%2Fwp%2Fv2%2Ftags&post=5260"}],"curies":[{"name":"wp","href":"https:\/\/api.w.org\/{rel}","templated":true}]}}