{"id":5039,"date":"2023-06-19T12:01:59","date_gmt":"2023-06-19T10:01:59","guid":{"rendered":"https:\/\/capital921.com\/?p=5039"},"modified":"2023-06-19T12:09:38","modified_gmt":"2023-06-19T10:09:38","slug":"arrestohet-sulmuesi-serb-i-gazetareve-uros-vukasinovic","status":"publish","type":"post","link":"https:\/\/capital921.com\/?p=5039","title":{"rendered":"Arrestohet serbi q\u00eb sulmonte gazetar\u00ebt, Uros Vukasinovic"},"content":{"rendered":"<p><strong>N\u00eb or\u00ebt e hershme t\u00eb m\u00ebngjesit \u00ebsht\u00eb arrestuar sot edhe Uros Vukasinovic, nj\u00eb ekstremist tjet\u00ebr serb q\u00eb supozohet t\u00eb jet\u00eb p\u00ebrfshir\u00eb n\u00eb nj\u00eb rast sulmi ndaj mediave\/gazetar\u00ebve.\u00a0<\/strong><\/p>\n<p>M\u00eb 16 qershor, sipas organeve t\u00eb rendit dhe t\u00eb ligjit, i nj\u00ebjti dyshohet t&#8217;i ket\u00eb sulmuar gazetar\u00ebt n\u00eb veri t\u00eb vendit, raporton <em>Capital FM<\/em>.<\/p>\n<p>Njoftimi i plot\u00eb i Policis\u00eb s\u00eb Kosov\u00ebs:<\/p>\n<blockquote><p>Arrestimi i tij dhe shoq\u00ebrimi n\u00eb stacion policor \u00ebsht\u00eb kryer si rezultat i hetimeve intensive dhe i sigurimit t\u00eb d\u00ebshmive, se i nj\u00ebjti \u00ebsht\u00eb p\u00ebrfshir\u00eb n\u00eb sulm ndaj mediave\/gazetar\u00ebve me dat\u00eb 16 qershor 2023. T\u00eb gjitha veprimet e m\u00ebtejme do t\u00eb nd\u00ebrmerren n\u00eb bashk\u00ebpunim dhe koordinim me organet e drejt\u00ebsis\u00eb. Angazhimi dhe p\u00ebrkushtimi i Policis\u00eb s\u00eb Kosov\u00ebs, do t\u00eb vazhdoj\u00eb p\u00ebr ruajtje t\u00eb rendit dhe siguris\u00eb publike, p\u00ebr sundim t\u00eb ligjit dhe sjelljen para organeve t\u00eb drejt\u00ebsis\u00eb s\u00eb personave t\u00eb dyshuar q\u00eb bien n\u00eb kund\u00ebrshtim me rendin dhe ligjin.<\/p><\/blockquote>\n<p>\/<em><strong>Radio 92.1 Capital FM<\/strong><\/em>\/<\/p>\n<p>&nbsp;<\/p>\n<p>&nbsp;<\/p>\n","protected":false},"excerpt":{"rendered":"<p>N\u00eb or\u00ebt e hershme t\u00eb m\u00ebngjesit \u00ebsht\u00eb arrestuar sot edhe Uros Vukasinovic, nj\u00eb ekstremist tjet\u00ebr serb q\u00eb supozohet t\u00eb jet\u00eb p\u00ebrfshir\u00eb n\u00eb nj\u00eb rast sulmi ndaj mediave\/gazetar\u00ebve.\u00a0 M\u00eb 16 qershor, sipas organeve t\u00eb rendit dhe t\u00eb ligjit, i nj\u00ebjti dyshohet t&#8217;i ket\u00eb sulmuar gazetar\u00ebt n\u00eb veri t\u00eb vendit, raporton Capital FM. Njoftimi i plot\u00eb i [&hellip;]<\/p>\n","protected":false},"author":7,"featured_media":5040,"comment_status":"open","ping_status":"closed","sticky":false,"template":"","format":"standard","meta":{"om_disable_all_campaigns":false,"_monsterinsights_skip_tracking":false,"_monsterinsights_sitenote_active":false,"_monsterinsights_sitenote_note":"","_monsterinsights_sitenote_category":0,"footnotes":""},"categories":[123],"tags":[134,136,135],"class_list":["post-5039","post","type-post","status-publish","format-standard","has-post-thumbnail","hentry","category-lajme","tag-ekstremist-serb","tag-policia-e-kosoves","tag-uros-vukasinovic"],"aioseo_notices":[],"_links":{"self":[{"href":"https:\/\/capital921.com\/index.php?rest_route=\/wp\/v2\/posts\/5039","targetHints":{"allow":["GET"]}}],"collection":[{"href":"https:\/\/capital921.com\/index.php?rest_route=\/wp\/v2\/posts"}],"about":[{"href":"https:\/\/capital921.com\/index.php?rest_route=\/wp\/v2\/types\/post"}],"author":[{"embeddable":true,"href":"https:\/\/capital921.com\/index.php?rest_route=\/wp\/v2\/users\/7"}],"replies":[{"embeddable":true,"href":"https:\/\/capital921.com\/index.php?rest_route=%2Fwp%2Fv2%2Fcomments&post=5039"}],"version-history":[{"count":3,"href":"https:\/\/capital921.com\/index.php?rest_route=\/wp\/v2\/posts\/5039\/revisions"}],"predecessor-version":[{"id":5043,"href":"https:\/\/capital921.com\/index.php?rest_route=\/wp\/v2\/posts\/5039\/revisions\/5043"}],"wp:featuredmedia":[{"embeddable":true,"href":"https:\/\/capital921.com\/index.php?rest_route=\/wp\/v2\/media\/5040"}],"wp:attachment":[{"href":"https:\/\/capital921.com\/index.php?rest_route=%2Fwp%2Fv2%2Fmedia&parent=5039"}],"wp:term":[{"taxonomy":"category","embeddable":true,"href":"https:\/\/capital921.com\/index.php?rest_route=%2Fwp%2Fv2%2Fcategories&post=5039"},{"taxonomy":"post_tag","embeddable":true,"href":"https:\/\/capital921.com\/index.php?rest_route=%2Fwp%2Fv2%2Ftags&post=5039"}],"curies":[{"name":"wp","href":"https:\/\/api.w.org\/{rel}","templated":true}]}}