{"id":4866,"date":"2023-06-12T17:49:56","date_gmt":"2023-06-12T15:49:56","guid":{"rendered":"https:\/\/capital921.com\/?p=4866"},"modified":"2023-06-12T17:49:56","modified_gmt":"2023-06-12T15:49:56","slug":"ballafaqimi-me-drejtesine-garanci-per-parandalimin-e-veprimeve-te-dhunshme","status":"publish","type":"post","link":"https:\/\/capital921.com\/?p=4866","title":{"rendered":"Ballafaqimi me drejt\u00ebsin\u00eb, garanci p\u00ebr parandalimin e veprimeve t\u00eb dhunshme"},"content":{"rendered":"<p>Gjat\u00eb nj\u00eb takimi pune mes Ambasadorit t\u00eb Gjermanis\u00eb n\u00eb Kosov\u00eb, Jorn Rohde, si dhe presidentes Vjosa Osmani, \u00a0\u00ebsht\u00eb diskutuar mbi zhvillimet e fundit n\u00eb veri dhe mbi hapat q\u00eb pritet t\u00eb nd\u00ebrmerren n\u00eb bashk\u00ebrendim me partner\u00ebt nd\u00ebrkomb\u00ebtar\u00eb.<\/p>\n<p>Presidentja Osmani u shpreh mir\u00ebnjoh\u00ebse ndaj ushtar\u00ebve t\u00eb KFOR-it, por edhe vler\u00ebsoi lart bashk\u00ebpunimin me Gjermanin\u00eb. Sipas saj, ushtar\u00ebt sh\u00ebrbyen me ndershm\u00ebri dhe treguan profesionaliz\u00ebm t\u00eb demonstruar n\u00eb ballafaqim me grupet kriminale t\u00eb dhunshme n\u00eb veri t\u00eb vendit.<\/p>\n<blockquote><p>Ballafaqimi me drejt\u00ebsin\u00eb p\u00ebr grupet kriminale t\u00eb mb\u00ebshtetura nga Serbia, q\u00eb sulmuan Policin\u00eb e Kosov\u00ebs, pjes\u00ebtar\u00ebt e KFOR-it dhe t\u00eb EULEX-it, gazetar\u00ebt dhe qytetar\u00ebt, \u00ebsht\u00eb i domosdosh\u00ebm si garanci p\u00ebr t\u00eb parandaluar p\u00ebrs\u00ebritjen e veprimeve t\u00eb tilla t\u00eb dhunshme.<\/p><\/blockquote>\n<p>Ajo gjithashtu tha se partneriteti mes tyre do t\u00eb jet\u00eb i pal\u00ebkundur, duke shprehur gjithnj\u00eb gatishm\u00ebri p\u00ebr ruajtjen e paqes, t\u00eb siguris\u00eb dhe t\u00eb stabilitetit. \/<em><strong>Radio 92.1 Capital FM<\/strong><\/em>\/<\/p>\n","protected":false},"excerpt":{"rendered":"<p>Gjat\u00eb nj\u00eb takimi pune mes Ambasadorit t\u00eb Gjermanis\u00eb n\u00eb Kosov\u00eb, Jorn Rohde, si dhe presidentes Vjosa Osmani, \u00a0\u00ebsht\u00eb diskutuar mbi zhvillimet e fundit n\u00eb veri dhe mbi hapat q\u00eb pritet t\u00eb nd\u00ebrmerren n\u00eb bashk\u00ebrendim me partner\u00ebt nd\u00ebrkomb\u00ebtar\u00eb. Presidentja Osmani u shpreh mir\u00ebnjoh\u00ebse ndaj ushtar\u00ebve t\u00eb KFOR-it, por edhe vler\u00ebsoi lart bashk\u00ebpunimin me Gjermanin\u00eb. Sipas saj, [&hellip;]<\/p>\n","protected":false},"author":7,"featured_media":4867,"comment_status":"open","ping_status":"closed","sticky":false,"template":"","format":"standard","meta":{"om_disable_all_campaigns":false,"_monsterinsights_skip_tracking":false,"_monsterinsights_sitenote_active":false,"_monsterinsights_sitenote_note":"","_monsterinsights_sitenote_category":0,"footnotes":""},"categories":[8],"tags":[103,104],"class_list":["post-4866","post","type-post","status-publish","format-standard","has-post-thumbnail","hentry","category-news","tag-jorn-rohde","tag-vjosa-osmani"],"aioseo_notices":[],"_links":{"self":[{"href":"https:\/\/capital921.com\/index.php?rest_route=\/wp\/v2\/posts\/4866","targetHints":{"allow":["GET"]}}],"collection":[{"href":"https:\/\/capital921.com\/index.php?rest_route=\/wp\/v2\/posts"}],"about":[{"href":"https:\/\/capital921.com\/index.php?rest_route=\/wp\/v2\/types\/post"}],"author":[{"embeddable":true,"href":"https:\/\/capital921.com\/index.php?rest_route=\/wp\/v2\/users\/7"}],"replies":[{"embeddable":true,"href":"https:\/\/capital921.com\/index.php?rest_route=%2Fwp%2Fv2%2Fcomments&post=4866"}],"version-history":[{"count":1,"href":"https:\/\/capital921.com\/index.php?rest_route=\/wp\/v2\/posts\/4866\/revisions"}],"predecessor-version":[{"id":4868,"href":"https:\/\/capital921.com\/index.php?rest_route=\/wp\/v2\/posts\/4866\/revisions\/4868"}],"wp:featuredmedia":[{"embeddable":true,"href":"https:\/\/capital921.com\/index.php?rest_route=\/wp\/v2\/media\/4867"}],"wp:attachment":[{"href":"https:\/\/capital921.com\/index.php?rest_route=%2Fwp%2Fv2%2Fmedia&parent=4866"}],"wp:term":[{"taxonomy":"category","embeddable":true,"href":"https:\/\/capital921.com\/index.php?rest_route=%2Fwp%2Fv2%2Fcategories&post=4866"},{"taxonomy":"post_tag","embeddable":true,"href":"https:\/\/capital921.com\/index.php?rest_route=%2Fwp%2Fv2%2Ftags&post=4866"}],"curies":[{"name":"wp","href":"https:\/\/api.w.org\/{rel}","templated":true}]}}