{"id":4817,"date":"2023-06-08T23:03:57","date_gmt":"2023-06-08T21:03:57","guid":{"rendered":"https:\/\/capital921.com\/?p=4817"},"modified":"2023-06-08T23:03:57","modified_gmt":"2023-06-08T21:03:57","slug":"shenohet-50-vjetori-i-organizates-clirimtare-grk-omlk","status":"publish","type":"post","link":"https:\/\/capital921.com\/?p=4817","title":{"rendered":"SH\u00cbNOHET 50-VJETORI I ORGANIZAT\u00cbS \u00c7LIRIMTARE, GRK\u2013OMLK"},"content":{"rendered":"<p>\u00cbsht\u00eb sh\u00ebnuar sot 50-vjetori i themelimit t\u00eb Grupit Revolucionar t\u00eb Kosov\u00ebs. Me k\u00ebt\u00eb rast, n\u00eb Institutin e Albanologjis\u00eb n\u00eb Prishtin\u00eb u mbajt edhe nj\u00eb simpozium shkencor, me tem\u00ebn: \u201cR\u00ebnd\u00ebsia politike dhe historike e themelimit t\u00eb Grupit Revolucionar t\u00eb Kosov\u00ebs (GRK) p\u00ebr \u00e7\u00ebshtjen e pazgjidhur shqiptare\u201d.<\/p>\n<p>Simpoziumin e hapi kryesuesi i Grupit Revolucionar t\u00eb Kosov\u00ebs, Mehmet Hajrizi. Ai theksoi se q\u00ebllimi par\u00ebsor dhe i vet\u00ebm i GRK\u2013OMLK-s\u00eb qe \u00e7lirimi dhe ribashkimi i trojeve shqiptare.<\/p>\n<p>N\u00eb\u00a0<em>Simpozium<\/em>\u00a0mor\u00ebn pjes\u00eb dhe me kumtesat e tyre enkas p\u00ebr k\u00ebt\u00eb ngjarje u paraqit\u00ebn veprimtar\u00eb t\u00eb \u00e7\u00ebshtjes komb\u00ebtare dhe njoh\u00ebs t\u00eb fushave t\u00eb ndryshme, t\u00eb cil\u00ebt, posa\u00e7\u00ebrisht, p\u00ebr brezat e rinj, sillnin rr\u00ebfenja dhe d\u00ebshmonin p\u00ebr rrethanat historike e politike dhe p\u00ebr rrug\u00ebn e gjat\u00eb e me st\u00ebrmundime t\u00eb veprimtar\u00ebve revolucionar\u00eb deri tek arritja e liris\u00eb, pavar\u00ebsisht pengesave t\u00eb m\u00ebdha t\u00eb shp\u00ebrfaqura tin\u00ebzisht nga agresori serb.<\/p>\n<p>Kujtojm\u00eb se themelimi i Grupit Revolucionar t\u00eb Kosov\u00ebs 50 vjet m\u00eb par\u00eb pati ndikim t\u00eb jasht\u00ebzakonsh\u00ebm n\u00eb L\u00ebvizjen Komb\u00ebtare Shqiptare, pasi kjo organizat\u00eb patriotike kishte nxjerr\u00eb gazet\u00ebn e par\u00eb liridash\u00ebse e antipushtuese, \u201cZ\u00ebri i Kosov\u00ebs\u201d, n\u00eb trojet e pushtuara nga Jugoserbia. \/<strong><em>Radio 92.1 Capital FM<\/em><\/strong>\/<\/p>\n","protected":false},"excerpt":{"rendered":"<p>\u00cbsht\u00eb sh\u00ebnuar sot 50-vjetori i themelimit t\u00eb Grupit Revolucionar t\u00eb Kosov\u00ebs. Me k\u00ebt\u00eb rast, n\u00eb Institutin e Albanologjis\u00eb n\u00eb Prishtin\u00eb u mbajt edhe nj\u00eb simpozium shkencor, me tem\u00ebn: \u201cR\u00ebnd\u00ebsia politike dhe historike e themelimit t\u00eb Grupit Revolucionar t\u00eb Kosov\u00ebs (GRK) p\u00ebr \u00e7\u00ebshtjen e pazgjidhur shqiptare\u201d. Simpoziumin e hapi kryesuesi i Grupit Revolucionar t\u00eb Kosov\u00ebs, Mehmet [&hellip;]<\/p>\n","protected":false},"author":7,"featured_media":4813,"comment_status":"open","ping_status":"closed","sticky":false,"template":"","format":"standard","meta":{"om_disable_all_campaigns":false,"_monsterinsights_skip_tracking":false,"_monsterinsights_sitenote_active":false,"_monsterinsights_sitenote_note":"","_monsterinsights_sitenote_category":0,"footnotes":""},"categories":[8],"tags":[],"class_list":["post-4817","post","type-post","status-publish","format-standard","has-post-thumbnail","hentry","category-news"],"aioseo_notices":[],"_links":{"self":[{"href":"https:\/\/capital921.com\/index.php?rest_route=\/wp\/v2\/posts\/4817","targetHints":{"allow":["GET"]}}],"collection":[{"href":"https:\/\/capital921.com\/index.php?rest_route=\/wp\/v2\/posts"}],"about":[{"href":"https:\/\/capital921.com\/index.php?rest_route=\/wp\/v2\/types\/post"}],"author":[{"embeddable":true,"href":"https:\/\/capital921.com\/index.php?rest_route=\/wp\/v2\/users\/7"}],"replies":[{"embeddable":true,"href":"https:\/\/capital921.com\/index.php?rest_route=%2Fwp%2Fv2%2Fcomments&post=4817"}],"version-history":[{"count":1,"href":"https:\/\/capital921.com\/index.php?rest_route=\/wp\/v2\/posts\/4817\/revisions"}],"predecessor-version":[{"id":4818,"href":"https:\/\/capital921.com\/index.php?rest_route=\/wp\/v2\/posts\/4817\/revisions\/4818"}],"wp:featuredmedia":[{"embeddable":true,"href":"https:\/\/capital921.com\/index.php?rest_route=\/wp\/v2\/media\/4813"}],"wp:attachment":[{"href":"https:\/\/capital921.com\/index.php?rest_route=%2Fwp%2Fv2%2Fmedia&parent=4817"}],"wp:term":[{"taxonomy":"category","embeddable":true,"href":"https:\/\/capital921.com\/index.php?rest_route=%2Fwp%2Fv2%2Fcategories&post=4817"},{"taxonomy":"post_tag","embeddable":true,"href":"https:\/\/capital921.com\/index.php?rest_route=%2Fwp%2Fv2%2Ftags&post=4817"}],"curies":[{"name":"wp","href":"https:\/\/api.w.org\/{rel}","templated":true}]}}